{"id":12294,"date":"2023-04-10T11:17:38","date_gmt":"2023-04-10T14:17:38","guid":{"rendered":"https:\/\/radiostudiow.com.br\/site\/?p=12294"},"modified":"2025-01-31T15:06:52","modified_gmt":"2025-01-31T18:06:52","slug":"homem-e-levado-para-delegacia-em-sao-mateus-do-sul-apos-furtar-aluminio","status":"publish","type":"post","link":"https:\/\/radiostudiow.com.br\/site\/2023\/04\/10\/homem-e-levado-para-delegacia-em-sao-mateus-do-sul-apos-furtar-aluminio\/","title":{"rendered":"HOMEM \u00c9 LEVADO PARA\u00a0DELEGACIA EM S\u00c3O MATEUS DO SUL\u00a0AP\u00d3S FURTAR ALUM\u00cdNIO"},"content":{"rendered":"\n<p><em><strong>A equipe policial foi acionada por um funcion\u00e1rio, informando que havia detido um homem que estaria cometendo o furto.<\/strong><\/em><\/p>\n\n\n\n<figure class=\"wp-block-image size-full\"><img loading=\"lazy\" decoding=\"async\" width=\"768\" height=\"175\" src=\"https:\/\/radiostudiow.com.br\/site\/wp-content\/uploads\/2023\/03\/image-22.png\" alt=\"\" class=\"wp-image-12046\" srcset=\"https:\/\/radiostudiow.com.br\/site\/wp-content\/uploads\/2023\/03\/image-22.png 768w, https:\/\/radiostudiow.com.br\/site\/wp-content\/uploads\/2023\/03\/image-22-300x68.png 300w\" sizes=\"auto, (max-width: 768px) 100vw, 768px\" \/><\/figure>\n\n\n\n<p>Homem \u00e9 flagrado furtando alum\u00ednio de uma empresa, ele foi levado para a\u00a0delegacia pela Pol\u00edcia Militar de S\u00e3o Mateus do Sul por volta das 16:00 horas desse domingo (09).\u00a0<\/p>\n\n\n\n<p>A equipe policial foi acionada por um funcion\u00e1rio, informando que havia detido um homem que estaria cometendo o furto em uma empresa na Vila Buaski.\u00a0<\/p>\n\n\n\n<p>No local, o autor confessou que havia tentado furtar aproximadamente tr\u00eas quilos de alum\u00ednio, em um valor de aproximadamente R$ 30,00 (Trinta reais). Segundo o funcion\u00e1rio, o material estava em um dep\u00f3sito de sucatas em local aberto, dentro do p\u00e1tio da empresa.&nbsp;<\/p>\n\n\n\n<p>Diante dos fatos, o acusado foi encaminhado ao Pronto Atendimento Municipal e posteriormente \u00e0 3\u00aa Subdivis\u00e3o Policial (SDP) para procedimentos cab\u00edveis.&nbsp;<\/p>\n","protected":false},"excerpt":{"rendered":"<p>A equipe policial foi acionada por um funcion\u00e1rio, informando que havia detido um homem que estaria cometendo o furto. Homem \u00e9 flagrado furtando alum\u00ednio de uma empresa, ele foi levado para a\u00a0delegacia pela Pol\u00edcia Militar de S\u00e3o Mateus do Sul por volta das 16:00 horas desse domingo (09).\u00a0 A equipe policial foi acionada por um [&hellip;]<\/p>\n","protected":false},"author":2,"featured_media":11361,"comment_status":"open","ping_status":"open","sticky":false,"template":"","format":"standard","meta":{"footnotes":""},"categories":[2],"tags":[172],"class_list":["post-12294","post","type-post","status-publish","format-standard","has-post-thumbnail","hentry","category-policial","tag-featured"],"amp_enabled":true,"_links":{"self":[{"href":"https:\/\/radiostudiow.com.br\/site\/wp-json\/wp\/v2\/posts\/12294","targetHints":{"allow":["GET"]}}],"collection":[{"href":"https:\/\/radiostudiow.com.br\/site\/wp-json\/wp\/v2\/posts"}],"about":[{"href":"https:\/\/radiostudiow.com.br\/site\/wp-json\/wp\/v2\/types\/post"}],"author":[{"embeddable":true,"href":"https:\/\/radiostudiow.com.br\/site\/wp-json\/wp\/v2\/users\/2"}],"replies":[{"embeddable":true,"href":"https:\/\/radiostudiow.com.br\/site\/wp-json\/wp\/v2\/comments?post=12294"}],"version-history":[{"count":1,"href":"https:\/\/radiostudiow.com.br\/site\/wp-json\/wp\/v2\/posts\/12294\/revisions"}],"predecessor-version":[{"id":12295,"href":"https:\/\/radiostudiow.com.br\/site\/wp-json\/wp\/v2\/posts\/12294\/revisions\/12295"}],"wp:featuredmedia":[{"embeddable":true,"href":"https:\/\/radiostudiow.com.br\/site\/wp-json\/wp\/v2\/media\/11361"}],"wp:attachment":[{"href":"https:\/\/radiostudiow.com.br\/site\/wp-json\/wp\/v2\/media?parent=12294"}],"wp:term":[{"taxonomy":"category","embeddable":true,"href":"https:\/\/radiostudiow.com.br\/site\/wp-json\/wp\/v2\/categories?post=12294"},{"taxonomy":"post_tag","embeddable":true,"href":"https:\/\/radiostudiow.com.br\/site\/wp-json\/wp\/v2\/tags?post=12294"}],"curies":[{"name":"wp","href":"https:\/\/api.w.org\/{rel}","templated":true}]}}