{"id":12300,"date":"2023-04-10T12:04:37","date_gmt":"2023-04-10T15:04:37","guid":{"rendered":"https:\/\/radiostudiow.com.br\/site\/?p=12300"},"modified":"2025-01-31T15:06:52","modified_gmt":"2025-01-31T18:06:52","slug":"homem-e-conduzido-para-delegacia-apos-furar-preferencial-em-paulo-frontin","status":"publish","type":"post","link":"https:\/\/radiostudiow.com.br\/site\/2023\/04\/10\/homem-e-conduzido-para-delegacia-apos-furar-preferencial-em-paulo-frontin\/","title":{"rendered":"HOMEM \u00c9 CONDUZIDO PARA DELEGACIA AP\u00d3S FURAR PREFER\u00caNCIAL EM PAULO FRONTIN"},"content":{"rendered":"\n<p><strong><em>Ve\u00edculo furou a preferencial, quase colidiu com o ve\u00edculo da v\u00edtima que precisou subir na cal\u00e7ada para n\u00e3o bater<\/em><\/strong>.<\/p>\n\n\n\n<figure class=\"wp-block-image size-full\"><img decoding=\"async\" src=\"https:\/\/radiostudiow.com.br\/site\/wp-content\/uploads\/2023\/02\/image-20.png\" alt=\"\" class=\"wp-image-11402\"\/><\/figure>\n\n\n\n<p>A equipe da Pol\u00edcia Militar de Paulo Frontin foi acionada ap\u00f3s um ve\u00edculo furar a preferencial, quase colidiu em outro que precisou subir na cal\u00e7ada por volta das 19:00 horas desse domingo (09).&nbsp;<\/p>\n\n\n\n<p>O solicitante informou aos policiais que um ve\u00edculo furou a preferencial e quase colidiu com seu ve\u00edculo sendo necess\u00e1rio subir na cal\u00e7ada para n\u00e3o bater na \u00e1rea central da cidade.&nbsp;Ap\u00f3s se recuperar do susto seguiu o ve\u00edculo e abordou o condutor, o qual n\u00e3o possui habilita\u00e7\u00e3o.&nbsp;<\/p>\n\n\n\n<p>Diante dos fatos a equipe lavrou autos de infra\u00e7\u00e3o, recolheu o ve\u00edculo ao p\u00e1tio do destacamento PM de Paulo Frontin e conduziu as partes at\u00e9 a delegacia de pol\u00edcia para providencias cab\u00edveis.&nbsp;<\/p>\n\n\n\n<p>Autor foi conduzido no banco de traz, sem o uso de algemas juntamente com seu pai.<\/p>\n","protected":false},"excerpt":{"rendered":"<p>Ve\u00edculo furou a preferencial, quase colidiu com o ve\u00edculo da v\u00edtima que precisou subir na cal\u00e7ada para n\u00e3o bater. A equipe da Pol\u00edcia Militar de Paulo Frontin foi acionada ap\u00f3s um ve\u00edculo furar a preferencial, quase colidiu em outro que precisou subir na cal\u00e7ada por volta das 19:00 horas desse domingo (09).&nbsp; O solicitante informou [&hellip;]<\/p>\n","protected":false},"author":2,"featured_media":10652,"comment_status":"open","ping_status":"open","sticky":false,"template":"","format":"standard","meta":{"footnotes":""},"categories":[2],"tags":[172],"class_list":["post-12300","post","type-post","status-publish","format-standard","has-post-thumbnail","hentry","category-policial","tag-featured"],"amp_enabled":true,"_links":{"self":[{"href":"https:\/\/radiostudiow.com.br\/site\/wp-json\/wp\/v2\/posts\/12300","targetHints":{"allow":["GET"]}}],"collection":[{"href":"https:\/\/radiostudiow.com.br\/site\/wp-json\/wp\/v2\/posts"}],"about":[{"href":"https:\/\/radiostudiow.com.br\/site\/wp-json\/wp\/v2\/types\/post"}],"author":[{"embeddable":true,"href":"https:\/\/radiostudiow.com.br\/site\/wp-json\/wp\/v2\/users\/2"}],"replies":[{"embeddable":true,"href":"https:\/\/radiostudiow.com.br\/site\/wp-json\/wp\/v2\/comments?post=12300"}],"version-history":[{"count":2,"href":"https:\/\/radiostudiow.com.br\/site\/wp-json\/wp\/v2\/posts\/12300\/revisions"}],"predecessor-version":[{"id":12303,"href":"https:\/\/radiostudiow.com.br\/site\/wp-json\/wp\/v2\/posts\/12300\/revisions\/12303"}],"wp:featuredmedia":[{"embeddable":true,"href":"https:\/\/radiostudiow.com.br\/site\/wp-json\/wp\/v2\/media\/10652"}],"wp:attachment":[{"href":"https:\/\/radiostudiow.com.br\/site\/wp-json\/wp\/v2\/media?parent=12300"}],"wp:term":[{"taxonomy":"category","embeddable":true,"href":"https:\/\/radiostudiow.com.br\/site\/wp-json\/wp\/v2\/categories?post=12300"},{"taxonomy":"post_tag","embeddable":true,"href":"https:\/\/radiostudiow.com.br\/site\/wp-json\/wp\/v2\/tags?post=12300"}],"curies":[{"name":"wp","href":"https:\/\/api.w.org\/{rel}","templated":true}]}}