{"id":12304,"date":"2023-04-10T17:44:10","date_gmt":"2023-04-10T20:44:10","guid":{"rendered":"https:\/\/radiostudiow.com.br\/site\/?p=12304"},"modified":"2025-01-31T15:06:52","modified_gmt":"2025-01-31T18:06:52","slug":"pm-de-mallet-e-acionada-para-atender-perturbacao-de-sossego","status":"publish","type":"post","link":"https:\/\/radiostudiow.com.br\/site\/2023\/04\/10\/pm-de-mallet-e-acionada-para-atender-perturbacao-de-sossego\/","title":{"rendered":"PM DE MALLET \u00c9 ACIONADA PARA ATENDER PERTURBA\u00c7\u00c3O DE SOSSEGO"},"content":{"rendered":"\n<p><strong><em>A situa\u00e7\u00e3o foi registrada no bairro Jardim Em\u00edlia, durante a madrugada de s\u00e1bado (08).\u00a0<\/em><\/strong><\/p>\n\n\n\n<figure class=\"wp-block-image size-full is-resized\"><img loading=\"lazy\" decoding=\"async\" src=\"https:\/\/radiostudiow.com.br\/site\/wp-content\/uploads\/2023\/02\/image-12.png\" alt=\"\" class=\"wp-image-11282\" width=\"740\" height=\"168\"\/><\/figure>\n\n\n\n<p>A equipe da Pol\u00edcia Militar de Mallet foi acionada para verificar uma situa\u00e7\u00e3o de Perturba\u00e7\u00e3o Sossego por volta das 00:13 horas desse s\u00e1bado (08).&nbsp;<\/p>\n\n\n\n<p>Os policiais se deslocaram at\u00e9 o bairro Jardim Em\u00edlia, localizaram uma resid\u00eancia com som alto,&nbsp;sendo feito contato com o autor, o qual foi orientado e desligou o som e prontificou-se em cessar o barulho.&nbsp;<\/p>\n","protected":false},"excerpt":{"rendered":"<p>A situa\u00e7\u00e3o foi registrada no bairro Jardim Em\u00edlia, durante a madrugada de s\u00e1bado (08).\u00a0 A equipe da Pol\u00edcia Militar de Mallet foi acionada para verificar uma situa\u00e7\u00e3o de Perturba\u00e7\u00e3o Sossego por volta das 00:13 horas desse s\u00e1bado (08).&nbsp; Os policiais se deslocaram at\u00e9 o bairro Jardim Em\u00edlia, localizaram uma resid\u00eancia com som alto,&nbsp;sendo feito contato [&hellip;]<\/p>\n","protected":false},"author":2,"featured_media":10642,"comment_status":"open","ping_status":"open","sticky":false,"template":"","format":"standard","meta":{"footnotes":""},"categories":[2],"tags":[172],"class_list":["post-12304","post","type-post","status-publish","format-standard","has-post-thumbnail","hentry","category-policial","tag-featured"],"amp_enabled":true,"_links":{"self":[{"href":"https:\/\/radiostudiow.com.br\/site\/wp-json\/wp\/v2\/posts\/12304","targetHints":{"allow":["GET"]}}],"collection":[{"href":"https:\/\/radiostudiow.com.br\/site\/wp-json\/wp\/v2\/posts"}],"about":[{"href":"https:\/\/radiostudiow.com.br\/site\/wp-json\/wp\/v2\/types\/post"}],"author":[{"embeddable":true,"href":"https:\/\/radiostudiow.com.br\/site\/wp-json\/wp\/v2\/users\/2"}],"replies":[{"embeddable":true,"href":"https:\/\/radiostudiow.com.br\/site\/wp-json\/wp\/v2\/comments?post=12304"}],"version-history":[{"count":1,"href":"https:\/\/radiostudiow.com.br\/site\/wp-json\/wp\/v2\/posts\/12304\/revisions"}],"predecessor-version":[{"id":12305,"href":"https:\/\/radiostudiow.com.br\/site\/wp-json\/wp\/v2\/posts\/12304\/revisions\/12305"}],"wp:featuredmedia":[{"embeddable":true,"href":"https:\/\/radiostudiow.com.br\/site\/wp-json\/wp\/v2\/media\/10642"}],"wp:attachment":[{"href":"https:\/\/radiostudiow.com.br\/site\/wp-json\/wp\/v2\/media?parent=12304"}],"wp:term":[{"taxonomy":"category","embeddable":true,"href":"https:\/\/radiostudiow.com.br\/site\/wp-json\/wp\/v2\/categories?post=12304"},{"taxonomy":"post_tag","embeddable":true,"href":"https:\/\/radiostudiow.com.br\/site\/wp-json\/wp\/v2\/tags?post=12304"}],"curies":[{"name":"wp","href":"https:\/\/api.w.org\/{rel}","templated":true}]}}