{"id":12306,"date":"2023-04-10T19:18:39","date_gmt":"2023-04-10T22:18:39","guid":{"rendered":"https:\/\/radiostudiow.com.br\/site\/?p=12306"},"modified":"2025-01-31T15:06:52","modified_gmt":"2025-01-31T18:06:52","slug":"familia-de-motociclista-mobiliza-campanha-de-ajuda-apos-acidente-no-centro-de-sao-mateus-do-sul","status":"publish","type":"post","link":"https:\/\/radiostudiow.com.br\/site\/2023\/04\/10\/familia-de-motociclista-mobiliza-campanha-de-ajuda-apos-acidente-no-centro-de-sao-mateus-do-sul\/","title":{"rendered":"FAM\u00cdLIA DE MOTOCICLISTA MOBILIZA CAMPANHA DE AJUDA AP\u00d3S ACIDENTE NO CENTRO DE S\u00c3O MATEUS DO SUL\u00a0"},"content":{"rendered":"\n<p>A fam\u00edlia de<strong>\u00a0Jonathan Truchinski Tratsch, 30 anos,<\/strong>\u00a0utilizou as redes sociais para mobilizar uma rede de apoio ap\u00f3s o motociclista ter se envolvido em\u00a0um <a href=\"https:\/\/radiostudiow.com.br\/site\/2023\/04\/03\/motociclista-sofre-ferimentos-moderados-apos-acidente-em-sao-mateus-do-sul\/\" data-type=\"URL\" data-id=\"https:\/\/radiostudiow.com.br\/site\/2023\/04\/03\/motociclista-sofre-ferimentos-moderados-apos-acidente-em-sao-mateus-do-sul\/\">acidente de tr\u00e2nsito na noite de domingo, dia 2 de abril.\u00a0<\/a><\/p>\n\n\n\n<figure class=\"wp-block-image size-full\"><img loading=\"lazy\" decoding=\"async\" width=\"768\" height=\"175\" src=\"https:\/\/radiostudiow.com.br\/site\/wp-content\/uploads\/2023\/03\/image-22.png\" alt=\"\" class=\"wp-image-12046\" srcset=\"https:\/\/radiostudiow.com.br\/site\/wp-content\/uploads\/2023\/03\/image-22.png 768w, https:\/\/radiostudiow.com.br\/site\/wp-content\/uploads\/2023\/03\/image-22-300x68.png 300w\" sizes=\"auto, (max-width: 768px) 100vw, 768px\" \/><\/figure>\n\n\n\n<p>O motociclista e a esposa trabalhavam em uma empresa de entrega de delivery de alimentos saud\u00e1veis, que precisou paralisar o servi\u00e7o de entregas e produ\u00e7\u00e3o por conta do acidente e gastos com o tratamento de sa\u00fade.&nbsp;<\/p>\n\n\n\n<p>Segundo a fam\u00edlia, dessa forma, toda a renda mensal foi comprometida e em nenhum momento a condutora do ve\u00edculo respons\u00e1vel pela colis\u00e3o se mostrou interessada em ajudar o motociclista ap\u00f3s o acidente, vindo a inclusive bloquear a fam\u00edlia nas redes sociais.\u00a0<\/p>\n\n\n\n<blockquote class=\"wp-block-quote is-layout-flow wp-block-quote-is-layout-flow\">\n<p><em>\u201cFoi um acidente grave, que era pra ter sido fatal e que felizmente n\u00e3o foi. O Jonathan foi transferido de S\u00e3o Mateus do Sul para Uni\u00e3o da Vit\u00f3ria na ter\u00e7a-feira a tarde. Ele saiu do Hospital com um pequeno sangramento no ba\u00e7o, com possibilidade de fratura na coluna\u201d, disse a esposa.<\/em>\u00a0<\/p>\n<\/blockquote>\n\n\n\n<figure class=\"wp-block-image size-full\"><img decoding=\"async\" src=\"https:\/\/radiostudiow.com.br\/site\/wp-content\/uploads\/2023\/02\/image-21.png\" alt=\"\" class=\"wp-image-11405\"\/><\/figure>\n\n\n\n<p>Ele chegou ao Hospital em Uni\u00e3o da Vit\u00f3ria e realizou uma bateria de exames, principalmente por conta das fraturas sofridas no p\u00e9 e ferimento de corte na cabe\u00e7a.\u00a0<\/p>\n\n\n\n<blockquote class=\"wp-block-quote is-layout-flow wp-block-quote-is-layout-flow\">\n<p><em>\u201cEle precisa ficar tr\u00eas meses de repouso, tanto por conta do p\u00e9 como tamb\u00e9m da coluna. Vai precisar fazer tratamento ortop\u00e9dico por conta da mobilidade\u201d, complementa a esposa.<\/em>\u00a0<\/p>\n<\/blockquote>\n\n\n\n<p>Para encontrar uma forma de ajudar a fam\u00edlia, foi criado o PIX Solid\u00e1rio, para os interessados em colaborar com o tratamento de sa\u00fade do motociclista.<strong> Tamb\u00e9m \u00e9 poss\u00edvel entrar em contato diretamente com a esposa para ajudas espec\u00edficas: (42) 98874-8609\u00a0<\/strong><\/p>\n\n\n\n<blockquote class=\"wp-block-quote is-layout-flow wp-block-quote-is-layout-flow\">\n<p>CHAVE PIX: 083.401.009-71\u00a0<\/p>\n<\/blockquote>\n\n\n\n<figure class=\"wp-block-image size-full\"><img loading=\"lazy\" decoding=\"async\" width=\"998\" height=\"1024\" src=\"https:\/\/radiostudiow.com.br\/site\/wp-content\/uploads\/2023\/04\/WhatsApp-Image-2023-04-09-at-20.54.06-998x1024-1.jpg\" alt=\"\" class=\"wp-image-12308\" srcset=\"https:\/\/radiostudiow.com.br\/site\/wp-content\/uploads\/2023\/04\/WhatsApp-Image-2023-04-09-at-20.54.06-998x1024-1.jpg 998w, https:\/\/radiostudiow.com.br\/site\/wp-content\/uploads\/2023\/04\/WhatsApp-Image-2023-04-09-at-20.54.06-998x1024-1-292x300.jpg 292w, https:\/\/radiostudiow.com.br\/site\/wp-content\/uploads\/2023\/04\/WhatsApp-Image-2023-04-09-at-20.54.06-998x1024-1-768x788.jpg 768w\" sizes=\"auto, (max-width: 998px) 100vw, 998px\" \/><\/figure>\n\n\n\n<p><strong>Relembre o acidente<\/strong><\/p>\n\n\n\n<p>Jonathan trafegava pela Rua Bar\u00e3o do Rio Branco quando foi atingido por um ve\u00edculo Sandero, no Centro de S\u00e3o Mateus do Sul. A condutora do ve\u00edculo Sandero n\u00e3o parou na preferencial e atingiu o motociclista.<\/p>\n\n\n\n<p>Informa\u00e7\u00f5es apuradas pela reportagem do Portal RDX, d\u00e3o conta de que o ve\u00edculo Sandero, que atingiu a moto, n\u00e3o \u00e9 de S\u00e3o Mateus do Sul. No ve\u00edculo estavam duas mulheres que viajavam para Chapec\u00f3 \u2013 SC, e que o GPS desviou a rota para o Centro de cidade. Elas seguiam pela Rua Jo\u00e3o Bettega quando atingiram o motociclista.<\/p>\n\n\n\n<p>A reportagem da RDX tamb\u00e9m se coloca a disposi\u00e7\u00e3o da condutora do veiculo respons\u00e1vel pelo acidente caso queiram se manifestar.<\/p>\n\n\n\n<figure class=\"wp-block-image size-full\"><img decoding=\"async\" src=\"https:\/\/radiostudiow.com.br\/site\/wp-content\/uploads\/2023\/04\/WhatsApp-Video-2023-04-03-at-09.05.41_Moment-1.jpg\" alt=\"\" class=\"wp-image-12174\"\/><\/figure>\n","protected":false},"excerpt":{"rendered":"<p>A fam\u00edlia de\u00a0Jonathan Truchinski Tratsch, 30 anos,\u00a0utilizou as redes sociais para mobilizar uma rede de apoio ap\u00f3s o motociclista ter se envolvido em\u00a0um acidente de tr\u00e2nsito na noite de domingo, dia 2 de abril.\u00a0 O motociclista e a esposa trabalhavam em uma empresa de entrega de delivery de alimentos saud\u00e1veis, que precisou paralisar o servi\u00e7o [&hellip;]<\/p>\n","protected":false},"author":2,"featured_media":12310,"comment_status":"open","ping_status":"open","sticky":false,"template":"","format":"standard","meta":{"footnotes":""},"categories":[2],"tags":[172],"class_list":["post-12306","post","type-post","status-publish","format-standard","has-post-thumbnail","hentry","category-policial","tag-featured"],"amp_enabled":true,"_links":{"self":[{"href":"https:\/\/radiostudiow.com.br\/site\/wp-json\/wp\/v2\/posts\/12306","targetHints":{"allow":["GET"]}}],"collection":[{"href":"https:\/\/radiostudiow.com.br\/site\/wp-json\/wp\/v2\/posts"}],"about":[{"href":"https:\/\/radiostudiow.com.br\/site\/wp-json\/wp\/v2\/types\/post"}],"author":[{"embeddable":true,"href":"https:\/\/radiostudiow.com.br\/site\/wp-json\/wp\/v2\/users\/2"}],"replies":[{"embeddable":true,"href":"https:\/\/radiostudiow.com.br\/site\/wp-json\/wp\/v2\/comments?post=12306"}],"version-history":[{"count":2,"href":"https:\/\/radiostudiow.com.br\/site\/wp-json\/wp\/v2\/posts\/12306\/revisions"}],"predecessor-version":[{"id":12311,"href":"https:\/\/radiostudiow.com.br\/site\/wp-json\/wp\/v2\/posts\/12306\/revisions\/12311"}],"wp:featuredmedia":[{"embeddable":true,"href":"https:\/\/radiostudiow.com.br\/site\/wp-json\/wp\/v2\/media\/12310"}],"wp:attachment":[{"href":"https:\/\/radiostudiow.com.br\/site\/wp-json\/wp\/v2\/media?parent=12306"}],"wp:term":[{"taxonomy":"category","embeddable":true,"href":"https:\/\/radiostudiow.com.br\/site\/wp-json\/wp\/v2\/categories?post=12306"},{"taxonomy":"post_tag","embeddable":true,"href":"https:\/\/radiostudiow.com.br\/site\/wp-json\/wp\/v2\/tags?post=12306"}],"curies":[{"name":"wp","href":"https:\/\/api.w.org\/{rel}","templated":true}]}}