{"id":12313,"date":"2023-04-11T09:44:01","date_gmt":"2023-04-11T12:44:01","guid":{"rendered":"https:\/\/radiostudiow.com.br\/site\/?p=12313"},"modified":"2025-01-31T15:06:52","modified_gmt":"2025-01-31T18:06:52","slug":"adolescente-e-flagrado-com-faca-na-mochila-em-escola-de-canoinhas","status":"publish","type":"post","link":"https:\/\/radiostudiow.com.br\/site\/2023\/04\/11\/adolescente-e-flagrado-com-faca-na-mochila-em-escola-de-canoinhas\/","title":{"rendered":"ADOLESCENTE \u00c9 FLAGRADO COM FACA NA MOCHILA EM ESCOLA DE CANOINHAS\u00a0"},"content":{"rendered":"\n<p><strong><em>Segundo as informa\u00e7\u00f5es repassadas pelos policiais, o rapaz sofria bullying na escola e levou a faca para se defender.<\/em><\/strong><\/p>\n\n\n\n<figure class=\"wp-block-image size-large\"><img decoding=\"async\" src=\"https:\/\/radiostudiow.com.br\/site\/wp-content\/uploads\/2023\/03\/333961748_218140324032662_8763106638246866213_n-1024x452.png\" alt=\"\" class=\"wp-image-11670\"\/><\/figure>\n\n\n\n<p>Adolescente de 12 anos foi flagrado com uma faca de churrasco na mochila em uma escola de Canoinhas nessa quinta-feira (06).&nbsp;<\/p>\n\n\n\n<p>Segundo as informa\u00e7\u00f5es repassadas pelos policiais, o rapaz sofria bullying na escola e levou a faca para se defender. A faca foi encontrada depois de uma den\u00fancia ser encaminhada \u00e0 Pol\u00edcia Militar (PM), que levou o jovem para um local seguro e ent\u00e3o encontraram a faca na mochila.&nbsp;<\/p>\n\n\n\n<p>A m\u00e3e do menino foi chamada e levou o filho \u00e0 Delegacia de Pol\u00edcia Civil para prestar depoimento. Naquele momento foi relatado o hist\u00f3rico de persegui\u00e7\u00e3o que o aluno sofria na escola e, por conta disso, levava a faca na mochila.&nbsp;<\/p>\n\n\n\n<p>O nome da escola n\u00e3o foi divulgado pela PM.&nbsp;<\/p>\n\n\n\n<figure class=\"wp-block-image size-full\"><img decoding=\"async\" src=\"https:\/\/radiostudiow.com.br\/site\/wp-content\/uploads\/2023\/02\/image-26.png\" alt=\"\" class=\"wp-image-11435\"\/><\/figure>\n","protected":false},"excerpt":{"rendered":"<p>Segundo as informa\u00e7\u00f5es repassadas pelos policiais, o rapaz sofria bullying na escola e levou a faca para se defender. Adolescente de 12 anos foi flagrado com uma faca de churrasco na mochila em uma escola de Canoinhas nessa quinta-feira (06).&nbsp; Segundo as informa\u00e7\u00f5es repassadas pelos policiais, o rapaz sofria bullying na escola e levou a [&hellip;]<\/p>\n","protected":false},"author":2,"featured_media":9634,"comment_status":"open","ping_status":"open","sticky":false,"template":"","format":"standard","meta":{"footnotes":""},"categories":[2],"tags":[172],"class_list":["post-12313","post","type-post","status-publish","format-standard","has-post-thumbnail","hentry","category-policial","tag-featured"],"amp_enabled":true,"_links":{"self":[{"href":"https:\/\/radiostudiow.com.br\/site\/wp-json\/wp\/v2\/posts\/12313","targetHints":{"allow":["GET"]}}],"collection":[{"href":"https:\/\/radiostudiow.com.br\/site\/wp-json\/wp\/v2\/posts"}],"about":[{"href":"https:\/\/radiostudiow.com.br\/site\/wp-json\/wp\/v2\/types\/post"}],"author":[{"embeddable":true,"href":"https:\/\/radiostudiow.com.br\/site\/wp-json\/wp\/v2\/users\/2"}],"replies":[{"embeddable":true,"href":"https:\/\/radiostudiow.com.br\/site\/wp-json\/wp\/v2\/comments?post=12313"}],"version-history":[{"count":1,"href":"https:\/\/radiostudiow.com.br\/site\/wp-json\/wp\/v2\/posts\/12313\/revisions"}],"predecessor-version":[{"id":12314,"href":"https:\/\/radiostudiow.com.br\/site\/wp-json\/wp\/v2\/posts\/12313\/revisions\/12314"}],"wp:featuredmedia":[{"embeddable":true,"href":"https:\/\/radiostudiow.com.br\/site\/wp-json\/wp\/v2\/media\/9634"}],"wp:attachment":[{"href":"https:\/\/radiostudiow.com.br\/site\/wp-json\/wp\/v2\/media?parent=12313"}],"wp:term":[{"taxonomy":"category","embeddable":true,"href":"https:\/\/radiostudiow.com.br\/site\/wp-json\/wp\/v2\/categories?post=12313"},{"taxonomy":"post_tag","embeddable":true,"href":"https:\/\/radiostudiow.com.br\/site\/wp-json\/wp\/v2\/tags?post=12313"}],"curies":[{"name":"wp","href":"https:\/\/api.w.org\/{rel}","templated":true}]}}