{"id":12315,"date":"2023-04-11T10:08:47","date_gmt":"2023-04-11T13:08:47","guid":{"rendered":"https:\/\/radiostudiow.com.br\/site\/?p=12315"},"modified":"2025-01-31T15:06:52","modified_gmt":"2025-01-31T18:06:52","slug":"12315","status":"publish","type":"post","link":"https:\/\/radiostudiow.com.br\/site\/2023\/04\/11\/12315\/","title":{"rendered":"MALLET E IN\u00c1CIO MARTINS EST\u00c3O ENTRE OS MUNIC\u00cdPIOS QUE GANHARAM \u00d4NIBUS ESCOLARES\u00a0"},"content":{"rendered":"\n<p><strong><em>Ao todo, de 139 munic\u00edpios paranaenses receberam 173 \u00f4nibus escolares do programa Caminho da Escola, entregues pelo governador Ratinho J\u00fanior e por deputados federais.\u00a0<\/em><\/strong><\/p>\n\n\n\n<figure class=\"wp-block-image size-full\"><img decoding=\"async\" src=\"https:\/\/radiostudiow.com.br\/site\/wp-content\/uploads\/2023\/02\/image-21.png\" alt=\"\" class=\"wp-image-11405\"\/><\/figure>\n\n\n\n<p>O governador Carlos Massa Ratinho Junior entregou nesta segunda-feira (03) mais 173 \u00f4nibus escolares do programa Caminho da Escola. Os ve\u00edculos foram adquiridos por aproximadamente R$ 58,5 milh\u00f5es, com recursos do Governo do Estado e de emendas parlamentares atrav\u00e9s do Fundo Nacional de Desenvolvimento Educacional (FNDE).<\/p>\n\n\n\n<p>\u00a0<em>\u201cEstes \u00f4nibus garantem um transporte de qualidade e com seguran\u00e7a aos alunos, al\u00e9m de toda a acessibilidade necess\u00e1ria para aqueles que t\u00eam alguma dificuldade motora\u201d, <\/em>afirmou Ratinho Junior. <\/p>\n\n\n\n<p><em>&#8220;Eles fazem parte do projeto educacional do Paran\u00e1. Nosso Estado \u00e9 considerado o que possui a melhor educa\u00e7\u00e3o p\u00fablica do Brasil, resultado dessa parceria que constru\u00edmos com os deputados que formam a bancada federal\u201d<\/em>, acrescentou o governador.<\/p>\n\n\n\n<p><strong>Os \u00f4nibus ser\u00e3o utilizados para o transporte de estudantes matriculados na rede p\u00fablica de ensino de 139 munic\u00edpios paranaenses, dentre eles munic\u00edpios da regi\u00e3o Centro Sul, como Irati, Rio Azul, \u00a0Mallet e In\u00e1cio Martins.<\/strong><\/p>\n\n\n\n<p>O prefeito de Mallet, Moacir Szinvelski cita a import\u00e2ncia da renova\u00e7\u00e3o da frota para o escolar. <em>\u201cIsso significa economia para o munic\u00edpio, mais tranquilidade e conforto para os estudantes, atendendo desde crian\u00e7as que est\u00e3o come\u00e7ando a vida escolar at\u00e9 os que est\u00e3o terminando o ensino m\u00e9dio. Com o \u00f4nibus passando na porta de casa n\u00e3o tem motivo para eles n\u00e3o estudarem\u201d, <\/em>declarou.<\/p>\n\n\n\n<figure class=\"wp-block-image size-full\"><img loading=\"lazy\" decoding=\"async\" width=\"768\" height=\"175\" src=\"https:\/\/radiostudiow.com.br\/site\/wp-content\/uploads\/2023\/03\/image-22.png\" alt=\"\" class=\"wp-image-12046\" srcset=\"https:\/\/radiostudiow.com.br\/site\/wp-content\/uploads\/2023\/03\/image-22.png 768w, https:\/\/radiostudiow.com.br\/site\/wp-content\/uploads\/2023\/03\/image-22-300x68.png 300w\" sizes=\"auto, (max-width: 768px) 100vw, 768px\" \/><\/figure>\n\n\n\n<p>O secret\u00e1rio estadual da Educa\u00e7\u00e3o, Roni Miranda, tamb\u00e9m cita que os novos ve\u00edculos colaboram para a redu\u00e7\u00e3o da evas\u00e3o escolar. <em>\u201cAl\u00e9m de adapta\u00e7\u00f5es para pessoas com defici\u00eancia, os \u00f4nibus tamb\u00e9m t\u00eam \u00f3tima performance nas estradas rurais, podendo transportar aqueles alunos que residem nas \u00e1reas mais distantes do munic\u00edpio, o que ajuda a explicar porque o Paran\u00e1 entrega atualmente os melhores resultados educacionais do Brasil\u201d,<\/em> concluiu o secret\u00e1rio.<\/p>\n\n\n\n<p>Os \u00f4nibus foram adquiridos por meio de um preg\u00e3o eletr\u00f4nico organizado pela Secretaria de Estado da Educa\u00e7\u00e3o (Seed\/PR). Os ve\u00edculos s\u00e3o do modelo \u00d4nibus Rural Escolar (ORE), com capacidade para transportar at\u00e9 29 alunos sentados, ao custo unit\u00e1rio de R$ 338 mil. Com a entrega, os estudantes poder\u00e3o utiliz\u00e1-los ainda no primeiro semestre letivo de 2023.<\/p>\n\n\n\n<p>Desde dezembro de 2022, o Caminho da Escola recebeu um investimento de R$ 117 milh\u00f5es para a aquisi\u00e7\u00e3o de 340 ve\u00edculos. Metade dos recursos \u00e9 proveniente do tesouro estadual e outra metade de emendas da bancada federal do Paran\u00e1, beneficiando 204 cidades dos 32 N\u00facleos Regionais de Educa\u00e7\u00e3o. <em>\u201c\u00c9 um programa feito em conjunto com os deputados federais e senadores, em que o Estado se comprometeu em investir o mesmo valor repassado atrav\u00e9s das emendas parlamentares\u201d,<\/em> explica o secret\u00e1rio estadual da Educa\u00e7\u00e3o.<\/p>\n\n\n\n<p><em>Texto: Da Reda\u00e7\u00e3o\/Hoje Centro Sul, com informa\u00e7\u00f5es Ag\u00eancia Estadual \/ Fotos: Ag\u00eancia Estadual<\/em><\/p>\n","protected":false},"excerpt":{"rendered":"<p>Ao todo, de 139 munic\u00edpios paranaenses receberam 173 \u00f4nibus escolares do programa Caminho da Escola, entregues pelo governador Ratinho J\u00fanior e por deputados federais.\u00a0 O governador Carlos Massa Ratinho Junior entregou nesta segunda-feira (03) mais 173 \u00f4nibus escolares do programa Caminho da Escola. Os ve\u00edculos foram adquiridos por aproximadamente R$ 58,5 milh\u00f5es, com recursos do [&hellip;]<\/p>\n","protected":false},"author":2,"featured_media":12316,"comment_status":"open","ping_status":"open","sticky":false,"template":"","format":"standard","meta":{"footnotes":""},"categories":[185],"tags":[172],"class_list":["post-12315","post","type-post","status-publish","format-standard","has-post-thumbnail","hentry","category-regional","tag-featured"],"amp_enabled":true,"_links":{"self":[{"href":"https:\/\/radiostudiow.com.br\/site\/wp-json\/wp\/v2\/posts\/12315","targetHints":{"allow":["GET"]}}],"collection":[{"href":"https:\/\/radiostudiow.com.br\/site\/wp-json\/wp\/v2\/posts"}],"about":[{"href":"https:\/\/radiostudiow.com.br\/site\/wp-json\/wp\/v2\/types\/post"}],"author":[{"embeddable":true,"href":"https:\/\/radiostudiow.com.br\/site\/wp-json\/wp\/v2\/users\/2"}],"replies":[{"embeddable":true,"href":"https:\/\/radiostudiow.com.br\/site\/wp-json\/wp\/v2\/comments?post=12315"}],"version-history":[{"count":2,"href":"https:\/\/radiostudiow.com.br\/site\/wp-json\/wp\/v2\/posts\/12315\/revisions"}],"predecessor-version":[{"id":12318,"href":"https:\/\/radiostudiow.com.br\/site\/wp-json\/wp\/v2\/posts\/12315\/revisions\/12318"}],"wp:featuredmedia":[{"embeddable":true,"href":"https:\/\/radiostudiow.com.br\/site\/wp-json\/wp\/v2\/media\/12316"}],"wp:attachment":[{"href":"https:\/\/radiostudiow.com.br\/site\/wp-json\/wp\/v2\/media?parent=12315"}],"wp:term":[{"taxonomy":"category","embeddable":true,"href":"https:\/\/radiostudiow.com.br\/site\/wp-json\/wp\/v2\/categories?post=12315"},{"taxonomy":"post_tag","embeddable":true,"href":"https:\/\/radiostudiow.com.br\/site\/wp-json\/wp\/v2\/tags?post=12315"}],"curies":[{"name":"wp","href":"https:\/\/api.w.org\/{rel}","templated":true}]}}