{"id":12322,"date":"2023-04-11T11:38:11","date_gmt":"2023-04-11T14:38:11","guid":{"rendered":"https:\/\/radiostudiow.com.br\/site\/?p=12322"},"modified":"2025-01-31T15:06:52","modified_gmt":"2025-01-31T18:06:52","slug":"mulher-pede-ajuda-para-encontrar-irmao-que-foi-adotado-em-1981","status":"publish","type":"post","link":"https:\/\/radiostudiow.com.br\/site\/2023\/04\/11\/mulher-pede-ajuda-para-encontrar-irmao-que-foi-adotado-em-1981\/","title":{"rendered":"MULHER PEDE AJUDA PARA ENCONTRAR IRM\u00c3O QUE FOI ADOTADO EM 1981\u00a0"},"content":{"rendered":"\n<p><strong><em>O menino na \u00e9poca com 1 ano e 8 meses de idade se chamava Izuir Monzar Moreira, mas como n\u00e3o possu\u00eda registro, ele pode atualmente ter outro nome. Sua Irm\u00e3 Odete acredita que ele possa ter o sobrenome Marchinski, mas n\u00e3o tem certeza da informa\u00e7\u00e3o. A \u00fanica pista que ela tem s\u00e3o os relatos de sua falecida m\u00e3e que dizia que o menino era parecido com o pai (foto).<\/em><\/strong><\/p>\n\n\n\n<figure class=\"wp-block-image size-full\"><img loading=\"lazy\" decoding=\"async\" width=\"768\" height=\"175\" src=\"https:\/\/radiostudiow.com.br\/site\/wp-content\/uploads\/2023\/03\/image-22.png\" alt=\"\" class=\"wp-image-12046\" srcset=\"https:\/\/radiostudiow.com.br\/site\/wp-content\/uploads\/2023\/03\/image-22.png 768w, https:\/\/radiostudiow.com.br\/site\/wp-content\/uploads\/2023\/03\/image-22-300x68.png 300w\" sizes=\"auto, (max-width: 768px) 100vw, 768px\" \/><\/figure>\n\n\n\n<p>Odete das Gra\u00e7as Batista, moradora de Irati, procurou o Jornal Hoje Centro Sul para divulgar que est\u00e1 procurando por seu irm\u00e3o que foi adotado h\u00e1 mais de 40 anos em Teixeira Soares. O menino na \u00e9poca se chamava Izuir Monzar Moreira, mas n\u00e3o era registrado e Odete acredita que ele possa ter outro nome atualmente.&nbsp;<\/p>\n\n\n\n<p>De acordo com os relatos de Odete, Izuir foi adotado no Hospital de Teixeira Soares em 1981, quando ele tinha apenas 1 ano e 8 meses. As \u00fanicas lembran\u00e7as que ela tem \u00e9 que a fam\u00edlia que adotou seria da cidade de Mallet e que possu\u00edam uma serraria na cidade.&nbsp;<\/p>\n\n\n\n<p>Odete relata que anos depois repassaram a ela que a fam\u00edlia que teria adotado o menino poderia ter o sobrenome de Marchinski, mas ela n\u00e3o tem a certeza se essa informa\u00e7\u00e3o est\u00e1 correta. Al\u00e9m disso, n\u00e3o existem fotos do menino, no entanto, antes de falecer, a m\u00e3e de Odete, dona Maria Aparecida Batista, que insistiu para que a filha continuasse \u00e0 procura, comentava que ele era muito parecido com o seu falecido pai, Jo\u00e3o Batista, e essa seria a \u00fanica maneira de encontra-lo.\u00a0<\/p>\n\n\n\n<blockquote class=\"wp-block-quote is-layout-flow wp-block-quote-is-layout-flow\">\n<p>Quem tiver informa\u00e7\u00f5es sobre o paradeiro de Izuir, que agora pode ter outro nome, pode entrar em contato atrav\u00e9s do n\u00famero (42) 99913-2705.\u00a0<\/p>\n<\/blockquote>\n","protected":false},"excerpt":{"rendered":"<p>O menino na \u00e9poca com 1 ano e 8 meses de idade se chamava Izuir Monzar Moreira, mas como n\u00e3o possu\u00eda registro, ele pode atualmente ter outro nome. Sua Irm\u00e3 Odete acredita que ele possa ter o sobrenome Marchinski, mas n\u00e3o tem certeza da informa\u00e7\u00e3o. A \u00fanica pista que ela tem s\u00e3o os relatos de [&hellip;]<\/p>\n","protected":false},"author":2,"featured_media":12323,"comment_status":"open","ping_status":"open","sticky":false,"template":"","format":"standard","meta":{"footnotes":""},"categories":[2],"tags":[172],"class_list":["post-12322","post","type-post","status-publish","format-standard","has-post-thumbnail","hentry","category-policial","tag-featured"],"amp_enabled":true,"_links":{"self":[{"href":"https:\/\/radiostudiow.com.br\/site\/wp-json\/wp\/v2\/posts\/12322","targetHints":{"allow":["GET"]}}],"collection":[{"href":"https:\/\/radiostudiow.com.br\/site\/wp-json\/wp\/v2\/posts"}],"about":[{"href":"https:\/\/radiostudiow.com.br\/site\/wp-json\/wp\/v2\/types\/post"}],"author":[{"embeddable":true,"href":"https:\/\/radiostudiow.com.br\/site\/wp-json\/wp\/v2\/users\/2"}],"replies":[{"embeddable":true,"href":"https:\/\/radiostudiow.com.br\/site\/wp-json\/wp\/v2\/comments?post=12322"}],"version-history":[{"count":1,"href":"https:\/\/radiostudiow.com.br\/site\/wp-json\/wp\/v2\/posts\/12322\/revisions"}],"predecessor-version":[{"id":12324,"href":"https:\/\/radiostudiow.com.br\/site\/wp-json\/wp\/v2\/posts\/12322\/revisions\/12324"}],"wp:featuredmedia":[{"embeddable":true,"href":"https:\/\/radiostudiow.com.br\/site\/wp-json\/wp\/v2\/media\/12323"}],"wp:attachment":[{"href":"https:\/\/radiostudiow.com.br\/site\/wp-json\/wp\/v2\/media?parent=12322"}],"wp:term":[{"taxonomy":"category","embeddable":true,"href":"https:\/\/radiostudiow.com.br\/site\/wp-json\/wp\/v2\/categories?post=12322"},{"taxonomy":"post_tag","embeddable":true,"href":"https:\/\/radiostudiow.com.br\/site\/wp-json\/wp\/v2\/tags?post=12322"}],"curies":[{"name":"wp","href":"https:\/\/api.w.org\/{rel}","templated":true}]}}