{"id":12325,"date":"2023-04-11T12:10:38","date_gmt":"2023-04-11T15:10:38","guid":{"rendered":"https:\/\/radiostudiow.com.br\/site\/?p=12325"},"modified":"2025-01-31T15:06:52","modified_gmt":"2025-01-31T18:06:52","slug":"homem-e-assaltado-no-portao-de-casa-em-irati","status":"publish","type":"post","link":"https:\/\/radiostudiow.com.br\/site\/2023\/04\/11\/homem-e-assaltado-no-portao-de-casa-em-irati\/","title":{"rendered":"HOMEM \u00c9 ASSALTADO NO PORT\u00c3O DE CASA EM IRATI\u00a0"},"content":{"rendered":"\n<p><strong><em>A v\u00edtima relatou que saiu do trabalho e ao chegar no port\u00e3o de sua casa, dois criminosos o abordaram, sendo que um dos bandidos estava com uma arma de fogo dentro de uma sacola.<\/em><\/strong><\/p>\n\n\n\n<figure class=\"wp-block-image size-full\"><img decoding=\"async\" src=\"https:\/\/radiostudiow.com.br\/site\/wp-content\/uploads\/2023\/02\/image-12.png\" alt=\"\" class=\"wp-image-11282\"\/><\/figure>\n\n\n\n<p>A equipe da Pol\u00edcia Militar de Irati atendeu a uma solicita\u00e7\u00e3o de uma v\u00edtima de roubo, na tarde dessa segunda-feira (10).&nbsp;<\/p>\n\n\n\n<p>De acordo com relatos da v\u00edtima, ele saiu do trabalho e ao chegar no port\u00e3o de sua casa, na rua Coronel Gracia, dois criminosos que trajavam cal\u00e7\u00e3o, blusa escura, chinelo e bon\u00e9 o abordaram, sendo que um dos bandidos estava com uma arma de fogo dentro de uma sacola e deu voz de assalto ao morador.&nbsp;<\/p>\n\n\n\n<p>Da v\u00edtima os bandidos subtra\u00edram um celular modelo LG K52 verde. Em seguida os criminosos fugiram. A Pol\u00edcia fez buscas pelas redondezas, mas n\u00e3o encontrou os suspeitos.&nbsp;<\/p>\n\n\n\n<figure class=\"wp-block-image size-full\"><img decoding=\"async\" src=\"https:\/\/radiostudiow.com.br\/site\/wp-content\/uploads\/2023\/02\/800-2-1-1.png\" alt=\"\" class=\"wp-image-11413\"\/><\/figure>\n","protected":false},"excerpt":{"rendered":"<p>A v\u00edtima relatou que saiu do trabalho e ao chegar no port\u00e3o de sua casa, dois criminosos o abordaram, sendo que um dos bandidos estava com uma arma de fogo dentro de uma sacola. A equipe da Pol\u00edcia Militar de Irati atendeu a uma solicita\u00e7\u00e3o de uma v\u00edtima de roubo, na tarde dessa segunda-feira (10).&nbsp; [&hellip;]<\/p>\n","protected":false},"author":2,"featured_media":10820,"comment_status":"open","ping_status":"open","sticky":false,"template":"","format":"standard","meta":{"footnotes":""},"categories":[2],"tags":[172],"class_list":["post-12325","post","type-post","status-publish","format-standard","has-post-thumbnail","hentry","category-policial","tag-featured"],"amp_enabled":true,"_links":{"self":[{"href":"https:\/\/radiostudiow.com.br\/site\/wp-json\/wp\/v2\/posts\/12325","targetHints":{"allow":["GET"]}}],"collection":[{"href":"https:\/\/radiostudiow.com.br\/site\/wp-json\/wp\/v2\/posts"}],"about":[{"href":"https:\/\/radiostudiow.com.br\/site\/wp-json\/wp\/v2\/types\/post"}],"author":[{"embeddable":true,"href":"https:\/\/radiostudiow.com.br\/site\/wp-json\/wp\/v2\/users\/2"}],"replies":[{"embeddable":true,"href":"https:\/\/radiostudiow.com.br\/site\/wp-json\/wp\/v2\/comments?post=12325"}],"version-history":[{"count":1,"href":"https:\/\/radiostudiow.com.br\/site\/wp-json\/wp\/v2\/posts\/12325\/revisions"}],"predecessor-version":[{"id":12326,"href":"https:\/\/radiostudiow.com.br\/site\/wp-json\/wp\/v2\/posts\/12325\/revisions\/12326"}],"wp:featuredmedia":[{"embeddable":true,"href":"https:\/\/radiostudiow.com.br\/site\/wp-json\/wp\/v2\/media\/10820"}],"wp:attachment":[{"href":"https:\/\/radiostudiow.com.br\/site\/wp-json\/wp\/v2\/media?parent=12325"}],"wp:term":[{"taxonomy":"category","embeddable":true,"href":"https:\/\/radiostudiow.com.br\/site\/wp-json\/wp\/v2\/categories?post=12325"},{"taxonomy":"post_tag","embeddable":true,"href":"https:\/\/radiostudiow.com.br\/site\/wp-json\/wp\/v2\/tags?post=12325"}],"curies":[{"name":"wp","href":"https:\/\/api.w.org\/{rel}","templated":true}]}}