{"id":12339,"date":"2023-04-12T09:42:05","date_gmt":"2023-04-12T12:42:05","guid":{"rendered":"https:\/\/radiostudiow.com.br\/site\/?p=12339"},"modified":"2025-01-31T15:06:51","modified_gmt":"2025-01-31T18:06:51","slug":"motociclista-morre-apos-colidir-de-frente-em-um-caminhao-na-br-153-em-mallet","status":"publish","type":"post","link":"https:\/\/radiostudiow.com.br\/site\/2023\/04\/12\/motociclista-morre-apos-colidir-de-frente-em-um-caminhao-na-br-153-em-mallet\/","title":{"rendered":"MOTOCICLISTA MORRE AP\u00d3S COLIDIR DE FRENTE EM UM CAMINH\u00c3O NA BR 153 EM MALLET"},"content":{"rendered":"\n<p><strong><em>O motociclista trafegava pela rodovia sentido a cidade de Rio Azul, quando colidiu com um caminh\u00e3o que vinha sentido contr\u00e1rio.<\/em><\/strong><\/p>\n\n\n\n<figure class=\"wp-block-image size-full\"><img decoding=\"async\" src=\"https:\/\/radiostudiow.com.br\/site\/wp-content\/uploads\/2023\/02\/image-20.png\" alt=\"\" class=\"wp-image-11402\"\/><\/figure>\n\n\n\n<p>Mais um lament\u00e1vel acidente na BR 153 tirou a vida de um Malletense no fim da tarde desta ter\u00e7a-feira dia 11 de abril.<\/p>\n\n\n\n<p>De acordo com informa\u00e7\u00f5es por volta das 18:00 horas, um motociclista trafegava pela rodovia, quando pr\u00f3ximo ao local conhecido como &#8220;Curva do Tacharin&#8221;, sentido a cidade de Rio Azul, colidiu com um caminh\u00e3o que vinha sentido contr\u00e1rio.<\/p>\n\n\n\n<p>Com <a><\/a>a colis\u00e3o a moto ficou totalmente destru\u00edda.<\/p>\n\n\n\n<p>Segundo relatos a v\u00edtima de apenas 38 anos seria Cleverson Adriano Powrosnek, morador da Col\u00f4nia Tr\u00eas Faxinal dos Trojan em Mallet, o qual foi levado pelo IML (Instituto M\u00e9dico Legal) de Uni\u00e3o da Vit\u00f3ria, para somente depois ser liberado aos procedimentos f\u00fanebres.<\/p>\n\n\n\n<figure class=\"wp-block-image size-full\"><img decoding=\"async\" src=\"https:\/\/radiostudiow.com.br\/site\/wp-content\/uploads\/2023\/02\/image-21.png\" alt=\"\" class=\"wp-image-11405\"\/><\/figure>\n\n\n\n<figure class=\"wp-block-image size-large\"><img loading=\"lazy\" decoding=\"async\" width=\"768\" height=\"1024\" src=\"https:\/\/radiostudiow.com.br\/site\/wp-content\/uploads\/2023\/04\/340105177_2022890341398346_2681954666689360536_n-768x1024.jpg\" alt=\"\" class=\"wp-image-12341\" srcset=\"https:\/\/radiostudiow.com.br\/site\/wp-content\/uploads\/2023\/04\/340105177_2022890341398346_2681954666689360536_n-768x1024.jpg 768w, https:\/\/radiostudiow.com.br\/site\/wp-content\/uploads\/2023\/04\/340105177_2022890341398346_2681954666689360536_n-225x300.jpg 225w, https:\/\/radiostudiow.com.br\/site\/wp-content\/uploads\/2023\/04\/340105177_2022890341398346_2681954666689360536_n-1152x1536.jpg 1152w, https:\/\/radiostudiow.com.br\/site\/wp-content\/uploads\/2023\/04\/340105177_2022890341398346_2681954666689360536_n.jpg 1200w\" sizes=\"auto, (max-width: 768px) 100vw, 768px\" \/><\/figure>\n\n\n\n<p>Fotos: Whatsapp<\/p>\n","protected":false},"excerpt":{"rendered":"<p>O motociclista trafegava pela rodovia sentido a cidade de Rio Azul, quando colidiu com um caminh\u00e3o que vinha sentido contr\u00e1rio. Mais um lament\u00e1vel acidente na BR 153 tirou a vida de um Malletense no fim da tarde desta ter\u00e7a-feira dia 11 de abril. De acordo com informa\u00e7\u00f5es por volta das 18:00 horas, um motociclista trafegava [&hellip;]<\/p>\n","protected":false},"author":2,"featured_media":12340,"comment_status":"open","ping_status":"open","sticky":false,"template":"","format":"standard","meta":{"footnotes":""},"categories":[2],"tags":[172],"class_list":["post-12339","post","type-post","status-publish","format-standard","has-post-thumbnail","hentry","category-policial","tag-featured"],"amp_enabled":true,"_links":{"self":[{"href":"https:\/\/radiostudiow.com.br\/site\/wp-json\/wp\/v2\/posts\/12339","targetHints":{"allow":["GET"]}}],"collection":[{"href":"https:\/\/radiostudiow.com.br\/site\/wp-json\/wp\/v2\/posts"}],"about":[{"href":"https:\/\/radiostudiow.com.br\/site\/wp-json\/wp\/v2\/types\/post"}],"author":[{"embeddable":true,"href":"https:\/\/radiostudiow.com.br\/site\/wp-json\/wp\/v2\/users\/2"}],"replies":[{"embeddable":true,"href":"https:\/\/radiostudiow.com.br\/site\/wp-json\/wp\/v2\/comments?post=12339"}],"version-history":[{"count":1,"href":"https:\/\/radiostudiow.com.br\/site\/wp-json\/wp\/v2\/posts\/12339\/revisions"}],"predecessor-version":[{"id":12342,"href":"https:\/\/radiostudiow.com.br\/site\/wp-json\/wp\/v2\/posts\/12339\/revisions\/12342"}],"wp:featuredmedia":[{"embeddable":true,"href":"https:\/\/radiostudiow.com.br\/site\/wp-json\/wp\/v2\/media\/12340"}],"wp:attachment":[{"href":"https:\/\/radiostudiow.com.br\/site\/wp-json\/wp\/v2\/media?parent=12339"}],"wp:term":[{"taxonomy":"category","embeddable":true,"href":"https:\/\/radiostudiow.com.br\/site\/wp-json\/wp\/v2\/categories?post=12339"},{"taxonomy":"post_tag","embeddable":true,"href":"https:\/\/radiostudiow.com.br\/site\/wp-json\/wp\/v2\/tags?post=12339"}],"curies":[{"name":"wp","href":"https:\/\/api.w.org\/{rel}","templated":true}]}}