{"id":12348,"date":"2023-04-13T11:51:49","date_gmt":"2023-04-13T14:51:49","guid":{"rendered":"https:\/\/radiostudiow.com.br\/site\/?p=12348"},"modified":"2025-01-31T15:06:51","modified_gmt":"2025-01-31T18:06:51","slug":"bombeiros-realizam-buscas-ao-pescador-desaparecido-em-sao-mateus-do-sul","status":"publish","type":"post","link":"https:\/\/radiostudiow.com.br\/site\/2023\/04\/13\/bombeiros-realizam-buscas-ao-pescador-desaparecido-em-sao-mateus-do-sul\/","title":{"rendered":"BOMBEIROS REALIZAM BUSCAS AO PESCADOR DESAPARECIDO EM S\u00c3O MATEUS DO SUL"},"content":{"rendered":"\n<p>O Corpo de Bombeiros de S\u00e3o Mateus do Sul segue realizando buscas ao pescador<strong> Jos\u00e9 Krichaki, de 87 anos, <\/strong>que est\u00e1 desaparecido nas \u00e1guas do Rio Igua\u00e7u.<\/p>\n\n\n\n<figure class=\"wp-block-gallery has-nested-images columns-default is-cropped wp-block-gallery-1 is-layout-flex wp-block-gallery-is-layout-flex\">\n<figure class=\"wp-block-image size-large\"><img decoding=\"async\" data-id=\"11670\" src=\"https:\/\/radiostudiow.com.br\/site\/wp-content\/uploads\/2023\/03\/333961748_218140324032662_8763106638246866213_n-1024x452.png\" alt=\"\" class=\"wp-image-11670\"\/><\/figure>\n<\/figure>\n\n\n\n<p>Segundo informa\u00e7\u00f5es da corpora\u00e7\u00e3o dos Bombeiros, as buscas na quarta-feira (12), foram realizadas at\u00e9 o entardecer\/in\u00edcio da noite. Sem \u00eaxito, a embarca\u00e7\u00e3o de busca retornou ao Rio Igua\u00e7u nas primeiras horas desta quinta-feira (13).<\/p>\n\n\n\n<p>O pescador est\u00e1 desaparecido desde ter\u00e7a-feira (11), onde saiu para pescar durante a tarde e n\u00e3o retornou para casa. Os Bombeiros foram at\u00e9 o local, regi\u00e3o da BR-476, pr\u00f3ximo ao km 283, onde encontraram o carro do pescador estacionado ao lado do Rio. Na mesma noite, o barco da v\u00edtima foi localizado virado nas \u00e1guas do Rio, a cerca de 1 km do local de partida. <\/p>\n\n\n\n<p>As buscas iniciaram na ter\u00e7a-feira, contando dessa forma, o terceiro dia de buscas nesta quinta-feira.<\/p>\n","protected":false},"excerpt":{"rendered":"<p>O Corpo de Bombeiros de S\u00e3o Mateus do Sul segue realizando buscas ao pescador Jos\u00e9 Krichaki, de 87 anos, que est\u00e1 desaparecido nas \u00e1guas do Rio Igua\u00e7u. Segundo informa\u00e7\u00f5es da corpora\u00e7\u00e3o dos Bombeiros, as buscas na quarta-feira (12), foram realizadas at\u00e9 o entardecer\/in\u00edcio da noite. Sem \u00eaxito, a embarca\u00e7\u00e3o de busca retornou ao Rio Igua\u00e7u [&hellip;]<\/p>\n","protected":false},"author":2,"featured_media":12349,"comment_status":"open","ping_status":"open","sticky":false,"template":"","format":"standard","meta":{"footnotes":""},"categories":[2],"tags":[172],"class_list":["post-12348","post","type-post","status-publish","format-standard","has-post-thumbnail","hentry","category-policial","tag-featured"],"amp_enabled":true,"_links":{"self":[{"href":"https:\/\/radiostudiow.com.br\/site\/wp-json\/wp\/v2\/posts\/12348","targetHints":{"allow":["GET"]}}],"collection":[{"href":"https:\/\/radiostudiow.com.br\/site\/wp-json\/wp\/v2\/posts"}],"about":[{"href":"https:\/\/radiostudiow.com.br\/site\/wp-json\/wp\/v2\/types\/post"}],"author":[{"embeddable":true,"href":"https:\/\/radiostudiow.com.br\/site\/wp-json\/wp\/v2\/users\/2"}],"replies":[{"embeddable":true,"href":"https:\/\/radiostudiow.com.br\/site\/wp-json\/wp\/v2\/comments?post=12348"}],"version-history":[{"count":1,"href":"https:\/\/radiostudiow.com.br\/site\/wp-json\/wp\/v2\/posts\/12348\/revisions"}],"predecessor-version":[{"id":12350,"href":"https:\/\/radiostudiow.com.br\/site\/wp-json\/wp\/v2\/posts\/12348\/revisions\/12350"}],"wp:featuredmedia":[{"embeddable":true,"href":"https:\/\/radiostudiow.com.br\/site\/wp-json\/wp\/v2\/media\/12349"}],"wp:attachment":[{"href":"https:\/\/radiostudiow.com.br\/site\/wp-json\/wp\/v2\/media?parent=12348"}],"wp:term":[{"taxonomy":"category","embeddable":true,"href":"https:\/\/radiostudiow.com.br\/site\/wp-json\/wp\/v2\/categories?post=12348"},{"taxonomy":"post_tag","embeddable":true,"href":"https:\/\/radiostudiow.com.br\/site\/wp-json\/wp\/v2\/tags?post=12348"}],"curies":[{"name":"wp","href":"https:\/\/api.w.org\/{rel}","templated":true}]}}