{"id":12362,"date":"2023-04-14T11:31:47","date_gmt":"2023-04-14T14:31:47","guid":{"rendered":"https:\/\/radiostudiow.com.br\/site\/?p=12362"},"modified":"2025-01-31T15:06:51","modified_gmt":"2025-01-31T18:06:51","slug":"apos-homem-circular-em-atitude-suspeita-medida-de-seguranca-e-aplicada-em-colegio-de-fluviopolis","status":"publish","type":"post","link":"https:\/\/radiostudiow.com.br\/site\/2023\/04\/14\/apos-homem-circular-em-atitude-suspeita-medida-de-seguranca-e-aplicada-em-colegio-de-fluviopolis\/","title":{"rendered":"AP\u00d3S HOMEM CIRCULAR EM ATITUDE SUSPEITA, MEDIDA DE SEGURAN\u00c7A \u00c9 APLICADA EM COL\u00c9GIO DE FLUVI\u00d3POLIS"},"content":{"rendered":"\n<p><strong><em>A reportagem da RDX est\u00e1 recebeu durante a noite dessa quinta-feira, 13 de abril, relatos de pais e moradores da regi\u00e3o de Fluvi\u00f3polis ap\u00f3s um homem em atitude suspeita estar circulando pr\u00f3ximo ao Col\u00e9gio Estadual do Campo Eug\u00eanio de Almeida e ter sido preso posteriormente.<\/em><\/strong><\/p>\n\n\n\n<figure class=\"wp-block-image size-full\"><img decoding=\"async\" src=\"https:\/\/radiostudiow.com.br\/site\/wp-content\/uploads\/2023\/02\/image-20.png\" alt=\"\" class=\"wp-image-11402\"\/><\/figure>\n\n\n\n<p>Desde a noite de quinta, a reportagem v\u00eam apurando as informa\u00e7\u00f5es juntamente com a Pol\u00edcia Militar, Minist\u00e9rio P\u00fablico e dire\u00e7\u00e3o do Col\u00e9gio, que afirmaram que o homem foi contido por policiais na regi\u00e3o do Posto Pelanda.<\/p>\n\n\n\n<p>Segundo a Pol\u00edcia Militar, o homem trata-se de um andarilho desorientado e apresentava falas desconexas. Ele foi abordado pelos policiais da Patrulha Escolar, que durante a abordagem constataram que ele estava desarmado. De acordo com a dire\u00e7\u00e3o do Col\u00e9gio, em nenhum momento o homem deu algum tipo de problema dentro da institui\u00e7\u00e3o.<\/p>\n\n\n\n<p>Em conversa com o Minist\u00e9rio P\u00fablico, o promotor de justi\u00e7a Ant\u00f4nio Basso Filho afirmou que a r\u00e1pida a\u00e7\u00e3o policial e pris\u00e3o do envolvido v\u00eam ao encontro com as medidas de seguran\u00e7a que est\u00e3o sendo adotadas em todas as institui\u00e7\u00f5es de ensino. A dire\u00e7\u00e3o e professores est\u00e3o sendo orientados que qualquer pessoa em atitude suspeita, apresentando ou n\u00e3o risco direto, dever\u00e3o ser contidos e a Pol\u00edcia Militar acionada.<\/p>\n\n\n\n<figure class=\"wp-block-image size-large\"><img decoding=\"async\" src=\"https:\/\/radiostudiow.com.br\/site\/wp-content\/uploads\/2023\/03\/333961748_218140324032662_8763106638246866213_n-1024x452.png\" alt=\"\" class=\"wp-image-11670\"\/><\/figure>\n","protected":false},"excerpt":{"rendered":"<p>A reportagem da RDX est\u00e1 recebeu durante a noite dessa quinta-feira, 13 de abril, relatos de pais e moradores da regi\u00e3o de Fluvi\u00f3polis ap\u00f3s um homem em atitude suspeita estar circulando pr\u00f3ximo ao Col\u00e9gio Estadual do Campo Eug\u00eanio de Almeida e ter sido preso posteriormente. Desde a noite de quinta, a reportagem v\u00eam apurando as [&hellip;]<\/p>\n","protected":false},"author":2,"featured_media":12363,"comment_status":"open","ping_status":"open","sticky":false,"template":"","format":"standard","meta":{"footnotes":""},"categories":[2],"tags":[172],"class_list":["post-12362","post","type-post","status-publish","format-standard","has-post-thumbnail","hentry","category-policial","tag-featured"],"amp_enabled":true,"_links":{"self":[{"href":"https:\/\/radiostudiow.com.br\/site\/wp-json\/wp\/v2\/posts\/12362","targetHints":{"allow":["GET"]}}],"collection":[{"href":"https:\/\/radiostudiow.com.br\/site\/wp-json\/wp\/v2\/posts"}],"about":[{"href":"https:\/\/radiostudiow.com.br\/site\/wp-json\/wp\/v2\/types\/post"}],"author":[{"embeddable":true,"href":"https:\/\/radiostudiow.com.br\/site\/wp-json\/wp\/v2\/users\/2"}],"replies":[{"embeddable":true,"href":"https:\/\/radiostudiow.com.br\/site\/wp-json\/wp\/v2\/comments?post=12362"}],"version-history":[{"count":1,"href":"https:\/\/radiostudiow.com.br\/site\/wp-json\/wp\/v2\/posts\/12362\/revisions"}],"predecessor-version":[{"id":12364,"href":"https:\/\/radiostudiow.com.br\/site\/wp-json\/wp\/v2\/posts\/12362\/revisions\/12364"}],"wp:featuredmedia":[{"embeddable":true,"href":"https:\/\/radiostudiow.com.br\/site\/wp-json\/wp\/v2\/media\/12363"}],"wp:attachment":[{"href":"https:\/\/radiostudiow.com.br\/site\/wp-json\/wp\/v2\/media?parent=12362"}],"wp:term":[{"taxonomy":"category","embeddable":true,"href":"https:\/\/radiostudiow.com.br\/site\/wp-json\/wp\/v2\/categories?post=12362"},{"taxonomy":"post_tag","embeddable":true,"href":"https:\/\/radiostudiow.com.br\/site\/wp-json\/wp\/v2\/tags?post=12362"}],"curies":[{"name":"wp","href":"https:\/\/api.w.org\/{rel}","templated":true}]}}