{"id":12365,"date":"2023-04-14T11:52:14","date_gmt":"2023-04-14T14:52:14","guid":{"rendered":"https:\/\/radiostudiow.com.br\/site\/?p=12365"},"modified":"2025-01-31T15:06:51","modified_gmt":"2025-01-31T18:06:51","slug":"caminhao-carregado-com-230-porcos-tomba-na-br-153","status":"publish","type":"post","link":"https:\/\/radiostudiow.com.br\/site\/2023\/04\/14\/caminhao-carregado-com-230-porcos-tomba-na-br-153\/","title":{"rendered":"CAMINH\u00c3O CARREGADO COM 230 PORCOS TOMBA NA BR-153"},"content":{"rendered":"\n<p><strong><em>O caminh\u00e3o tombou no km 153, na BR-153, no trevo de acesso a cidade de Rebou\u00e7as nessa quinta-feira (13).<\/em><\/strong><\/p>\n\n\n\n<figure class=\"wp-block-image size-full\"><img decoding=\"async\" src=\"https:\/\/radiostudiow.com.br\/site\/wp-content\/uploads\/2023\/02\/image-12.png\" alt=\"\" class=\"wp-image-11282\"\/><\/figure>\n\n\n\n<p>Um caminh\u00e3o carregado com 230 porcos tombou no km 153, na BR-153, no Trevo de Acesso a Rebou\u00e7as nessa quinta-feira (13).<\/p>\n\n\n\n<p>Segundo a Pol\u00edcia Rodovi\u00e1ria Federal (PRF), o ve\u00edculo de grande porte pertence a uma empresa de Iomer\u00ea (SC), e o motorista, de 30 anos, n\u00e3o sofreu ferimentos.<\/p>\n\n\n\n<p>Na imagem acima \u00e9 poss\u00edvel ver o caminh\u00e3o \u00e0s margens da pista e alguns populares pr\u00f3ximos. O fluxo de ve\u00edculos precisou ser desviado por Rebou\u00e7as para remo\u00e7\u00e3o dos su\u00ednos da pista.<\/p>\n\n\n\n<figure class=\"wp-block-gallery has-nested-images columns-default is-cropped wp-block-gallery-1 is-layout-flex wp-block-gallery-is-layout-flex\">\n<figure class=\"wp-block-image size-large\"><img decoding=\"async\" data-id=\"11407\" src=\"https:\/\/radiostudiow.com.br\/site\/wp-content\/uploads\/2023\/02\/image-23.png\" alt=\"\" class=\"wp-image-11407\"\/><\/figure>\n<\/figure>\n\n\n\n<p><strong><em>Com informa\u00e7\u00f5es Catve<\/em><\/strong><\/p>\n","protected":false},"excerpt":{"rendered":"<p>O caminh\u00e3o tombou no km 153, na BR-153, no trevo de acesso a cidade de Rebou\u00e7as nessa quinta-feira (13). Um caminh\u00e3o carregado com 230 porcos tombou no km 153, na BR-153, no Trevo de Acesso a Rebou\u00e7as nessa quinta-feira (13). Segundo a Pol\u00edcia Rodovi\u00e1ria Federal (PRF), o ve\u00edculo de grande porte pertence a uma empresa [&hellip;]<\/p>\n","protected":false},"author":2,"featured_media":12366,"comment_status":"open","ping_status":"open","sticky":false,"template":"","format":"standard","meta":{"footnotes":""},"categories":[2],"tags":[172],"class_list":["post-12365","post","type-post","status-publish","format-standard","has-post-thumbnail","hentry","category-policial","tag-featured"],"amp_enabled":true,"_links":{"self":[{"href":"https:\/\/radiostudiow.com.br\/site\/wp-json\/wp\/v2\/posts\/12365","targetHints":{"allow":["GET"]}}],"collection":[{"href":"https:\/\/radiostudiow.com.br\/site\/wp-json\/wp\/v2\/posts"}],"about":[{"href":"https:\/\/radiostudiow.com.br\/site\/wp-json\/wp\/v2\/types\/post"}],"author":[{"embeddable":true,"href":"https:\/\/radiostudiow.com.br\/site\/wp-json\/wp\/v2\/users\/2"}],"replies":[{"embeddable":true,"href":"https:\/\/radiostudiow.com.br\/site\/wp-json\/wp\/v2\/comments?post=12365"}],"version-history":[{"count":1,"href":"https:\/\/radiostudiow.com.br\/site\/wp-json\/wp\/v2\/posts\/12365\/revisions"}],"predecessor-version":[{"id":12367,"href":"https:\/\/radiostudiow.com.br\/site\/wp-json\/wp\/v2\/posts\/12365\/revisions\/12367"}],"wp:featuredmedia":[{"embeddable":true,"href":"https:\/\/radiostudiow.com.br\/site\/wp-json\/wp\/v2\/media\/12366"}],"wp:attachment":[{"href":"https:\/\/radiostudiow.com.br\/site\/wp-json\/wp\/v2\/media?parent=12365"}],"wp:term":[{"taxonomy":"category","embeddable":true,"href":"https:\/\/radiostudiow.com.br\/site\/wp-json\/wp\/v2\/categories?post=12365"},{"taxonomy":"post_tag","embeddable":true,"href":"https:\/\/radiostudiow.com.br\/site\/wp-json\/wp\/v2\/tags?post=12365"}],"curies":[{"name":"wp","href":"https:\/\/api.w.org\/{rel}","templated":true}]}}