{"id":12372,"date":"2023-04-14T18:20:24","date_gmt":"2023-04-14T21:20:24","guid":{"rendered":"https:\/\/radiostudiow.com.br\/site\/?p=12372"},"modified":"2025-01-31T15:06:51","modified_gmt":"2025-01-31T18:06:51","slug":"iat-promove-audiencias-publicas-em-sao-mateus-do-sul-lapa-e-uniao-da-vitoria-sobre-a-duplicacao-da-br-476","status":"publish","type":"post","link":"https:\/\/radiostudiow.com.br\/site\/2023\/04\/14\/iat-promove-audiencias-publicas-em-sao-mateus-do-sul-lapa-e-uniao-da-vitoria-sobre-a-duplicacao-da-br-476\/","title":{"rendered":"IAT PROMOVE AUDI\u00caNCIAS P\u00daBLICAS EM S\u00c3O MATEUS DO SUL, LAPA E UNI\u00c3O DA VIT\u00d3RIA SOBRE A DUPLICA\u00c7\u00c3O DA BR-476"},"content":{"rendered":"\n<p><strong><em>O processo de licenciamento desse empreendimento est\u00e1 sendo conduzido pela INFRA S.A., visando a obten\u00e7\u00e3o da Licen\u00e7a Pr\u00e9via.<\/em><\/strong><\/p>\n\n\n\n<figure class=\"wp-block-gallery has-nested-images columns-default is-cropped wp-block-gallery-1 is-layout-flex wp-block-gallery-is-layout-flex\">\n<figure class=\"wp-block-image size-large\"><img decoding=\"async\" data-id=\"11670\" src=\"https:\/\/radiostudiow.com.br\/site\/wp-content\/uploads\/2023\/03\/333961748_218140324032662_8763106638246866213_n-1024x452.png\" alt=\"\" class=\"wp-image-11670\"\/><\/figure>\n<\/figure>\n\n\n\n<p>O Instituto \u00c1gua e Terra do estado do Paran\u00e1 (IAT) torna p\u00fablico, que promover\u00e1 as Audi\u00eancias P\u00fablicas de apresenta\u00e7\u00e3o do Estudo de Impacto Ambiental e do seu Relat\u00f3rio referentes as obras de duplica\u00e7\u00e3o da BR-476\/PR.<\/p>\n\n\n\n<p>Trecho na rodovia entre Lapa e Uni\u00e3o da Vit\u00f3ria, no estado do Paran\u00e1, com extens\u00e3o aproximada de 164km. Processo: INFRA n\u00ba 50840.000170\/2015-65; IAT n\u00ba 15.566.833-4.<\/p>\n\n\n\n<p>O processo de licenciamento desse empreendimento est\u00e1 sendo conduzido pela INFRA S.A., visando a obten\u00e7\u00e3o da Licen\u00e7a Pr\u00e9via.<\/p>\n\n\n\n<figure class=\"wp-block-gallery has-nested-images columns-default is-cropped wp-block-gallery-2 is-layout-flex wp-block-gallery-is-layout-flex\">\n<figure class=\"wp-block-image size-large\"><img loading=\"lazy\" decoding=\"async\" width=\"454\" height=\"453\" data-id=\"12374\" src=\"https:\/\/radiostudiow.com.br\/site\/wp-content\/uploads\/2023\/04\/AP476.jpg\" alt=\"\" class=\"wp-image-12374\" srcset=\"https:\/\/radiostudiow.com.br\/site\/wp-content\/uploads\/2023\/04\/AP476.jpg 454w, https:\/\/radiostudiow.com.br\/site\/wp-content\/uploads\/2023\/04\/AP476-300x300.jpg 300w, https:\/\/radiostudiow.com.br\/site\/wp-content\/uploads\/2023\/04\/AP476-80x80.jpg 80w\" sizes=\"auto, (max-width: 454px) 100vw, 454px\" \/><\/figure>\n<\/figure>\n\n\n\n<h2 class=\"wp-block-heading\"><strong>Quando:<\/strong><\/h2>\n\n\n\n<p>As audi\u00eancias ser\u00e3o realizadas \u00e0s 19 horas nos dias:<\/p>\n\n\n\n<ul class=\"wp-block-list\">\n<li>25 de abril em Uni\u00e3o da Vit\u00f3ria (Cineteatro Luz | Rua Carlos Cavalcante, 124 \u2013 Centro);<\/li>\n\n\n\n<li>26 de abril em S\u00e3o Mateus de Sul (Col\u00e9gio Estadual Duque de Caxias | Rua Jo\u00e3o<br>Gabriel Martins. 546 \u2013 Centro); e<\/li>\n\n\n\n<li>27 de abril em Lapa (C\u00e2mara Municipal da Lapa | Alameda David Carneiro, 390)<\/li>\n<\/ul>\n\n\n\n<p>Ser\u00e1 realizado transmiss\u00e3o online pelas m\u00eddias sociais da C\u00e2mara Municipal de Lapa nos seguintes canais:<\/p>\n\n\n\n<ul class=\"wp-block-list\">\n<li>Facebook: https:\/\/www.facebook.com\/CamaraMunicipalDaLapa<\/li>\n\n\n\n<li>Youtube: https:\/\/bit.ly\/ytcamaralapa<\/li>\n<\/ul>\n\n\n\n<p>Nos dias das Audi\u00eancias P\u00fablicas, os canais abaixo poder\u00e3o ser utilizados para fazer perguntas. Os questionamentos tamb\u00e9m poder\u00e3o ser enviados ap\u00f3s a audi\u00eancia, at\u00e9 20 dias depois, ou seja, at\u00e9 dia 17\/05\/2023.<\/p>\n\n\n\n<p><em>Perguntas por e-mail: audiencia476@infrasa.gov.br<br>Perguntas por Whatsapp: (61) 9.9644.8417<br>Perguntas por telefone em hor\u00e1rio comercial: (61) 3426-3820<\/em><\/p>\n\n\n\n<figure class=\"wp-block-gallery has-nested-images columns-default is-cropped wp-block-gallery-3 is-layout-flex wp-block-gallery-is-layout-flex\">\n<figure class=\"wp-block-image size-large\"><img decoding=\"async\" data-id=\"10452\" src=\"https:\/\/radiostudiow.com.br\/site\/wp-content\/uploads\/2023\/01\/image-3-1024x392.png\" alt=\"\" class=\"wp-image-10452\"\/><\/figure>\n<\/figure>\n\n\n\n<h2 class=\"wp-block-heading\">Como consultar os estudos: <\/h2>\n\n\n\n<p><strong>EIA<\/strong><\/p>\n\n\n\n<p>O Estudo de Impacto Ambiental (EIA) foi contrato pela INFRA S.A. e realizado pela empresa MRS Ambiental e visa a obten\u00e7\u00e3o da Licen\u00e7a Pr\u00e9via.<\/p>\n\n\n\n<p>A Licen\u00e7a Pr\u00e9via aprova a localiza\u00e7\u00e3o e a concep\u00e7\u00e3o do empreendimento, atividade ou<br>obra que se encontra na fase preliminar de planejamento, atestando assim sua viabilidade ambiental.<\/p>\n\n\n\n<p>O EIA \u00e9 um conjunto de estudos que inclui uma avalia\u00e7\u00e3o dos efeitos positivos do empreendimento e dos efeitos negativos, bem como as poss\u00edveis maneira de conduzilos ou compens\u00e1-los.<\/p>\n\n\n\n<p>O EIA do projeto em quest\u00e3o prev\u00ea 43 impactos, sendo 31 negativos e 12 positivos. Do total de impactos previstos 9 s\u00e3o do meio f\u00edsico, 15 do meio bi\u00f3tico e 19 do meio socioecon\u00f4mico. Dessa forma foram propostos 13 programas ambientais que objetivam evitar, mitigar e\/ou compensar os impactos negativos e potencializar os impactos positivos. Al\u00e9m disso, foram propostas medidas a serem adotadas nos projetos de engenharia para prote\u00e7\u00e3o do meio ambiente.<\/p>\n\n\n\n<h2 class=\"wp-block-heading\">O Estudo de Impacto Ambiental (EIA) est\u00e1 dispon\u00edvel em:<\/h2>\n\n\n\n<p><a href=\"https:\/\/www.iat.pr.gov.br\/Pagina\/Estudos-Ambientais-0\">https:\/\/www.iat.pr.gov.br\/Pagina\/Estudos-Ambientais-0<\/a><\/p>\n\n\n\n<p><em>(Na aba editais, ano 2022, 309 \u2013 Rodovia Federal BR-476\/PR)<\/em><\/p>\n\n\n\n<h2 class=\"wp-block-heading\">Rima<\/h2>\n\n\n\n<p>O Relat\u00f3rio de Impacto Ambiental (RIMA) apresenta de forma resumida e com linguagem clara os resultados apresentados no EIA. O objetivo central do RIMA \u00e9 divulgar os elementos do estudo ambiental aos grupos sociais e institui\u00e7\u00f5es interessadas no licenciamento ambiental do empreendimento.<\/p>\n\n\n\n<p>Os estudos foram elaborados por equipe multidisciplinar, com especialistas de diversas \u00e1reas (engenheiros civil, agr\u00f4nomo, ambiental e florestal, bi\u00f3logos, ge\u00f3logos, arque\u00f3logos, antrop\u00f3logos, soci\u00f3logos e veterin\u00e1rios). O levantamento de dados realizado subsidiou as diversas an\u00e1lises que comp\u00f5em os diagn\u00f3sticos ambientais dos meios f\u00edsicos, bi\u00f3ticos e socioecon\u00f4mico, bem como a an\u00e1lise integrada destes diagn\u00f3sticos, avalia\u00e7\u00e3o de impactos ambientais decorrentes da instala\u00e7\u00e3o e opera\u00e7\u00e3o<br>do empreendimento e, por conseguinte a proposi\u00e7\u00e3o das medidas mitigadoras e\/ou compensat\u00f3rias, e planos e programas de controle\/monitoramento ambiental.<\/p>\n\n\n\n<p>As an\u00e1lises realizadas conclu\u00edram que as obras de duplica\u00e7\u00e3o da BR-476\/PR \u00e9 vi\u00e1vel. O Relat\u00f3rio de Impacto Ambiental (RIMA) est\u00e1 dispon\u00edvel&nbsp;<a href=\"https:\/\/www.iat.pr.gov.br\/Pagina\/Estudos-Ambientais-0\">clicando aqui<\/a>.<\/p>\n\n\n\n<p><em>(Na aba editais, ano 2022, 309 \u2013 Rodovia Federal BR-476\/PR)<\/em><\/p>\n","protected":false},"excerpt":{"rendered":"<p>O processo de licenciamento desse empreendimento est\u00e1 sendo conduzido pela INFRA S.A., visando a obten\u00e7\u00e3o da Licen\u00e7a Pr\u00e9via. O Instituto \u00c1gua e Terra do estado do Paran\u00e1 (IAT) torna p\u00fablico, que promover\u00e1 as Audi\u00eancias P\u00fablicas de apresenta\u00e7\u00e3o do Estudo de Impacto Ambiental e do seu Relat\u00f3rio referentes as obras de duplica\u00e7\u00e3o da BR-476\/PR. Trecho na [&hellip;]<\/p>\n","protected":false},"author":2,"featured_media":12373,"comment_status":"open","ping_status":"open","sticky":false,"template":"","format":"standard","meta":{"footnotes":""},"categories":[185],"tags":[172],"class_list":["post-12372","post","type-post","status-publish","format-standard","has-post-thumbnail","hentry","category-regional","tag-featured"],"amp_enabled":true,"_links":{"self":[{"href":"https:\/\/radiostudiow.com.br\/site\/wp-json\/wp\/v2\/posts\/12372","targetHints":{"allow":["GET"]}}],"collection":[{"href":"https:\/\/radiostudiow.com.br\/site\/wp-json\/wp\/v2\/posts"}],"about":[{"href":"https:\/\/radiostudiow.com.br\/site\/wp-json\/wp\/v2\/types\/post"}],"author":[{"embeddable":true,"href":"https:\/\/radiostudiow.com.br\/site\/wp-json\/wp\/v2\/users\/2"}],"replies":[{"embeddable":true,"href":"https:\/\/radiostudiow.com.br\/site\/wp-json\/wp\/v2\/comments?post=12372"}],"version-history":[{"count":3,"href":"https:\/\/radiostudiow.com.br\/site\/wp-json\/wp\/v2\/posts\/12372\/revisions"}],"predecessor-version":[{"id":12380,"href":"https:\/\/radiostudiow.com.br\/site\/wp-json\/wp\/v2\/posts\/12372\/revisions\/12380"}],"wp:featuredmedia":[{"embeddable":true,"href":"https:\/\/radiostudiow.com.br\/site\/wp-json\/wp\/v2\/media\/12373"}],"wp:attachment":[{"href":"https:\/\/radiostudiow.com.br\/site\/wp-json\/wp\/v2\/media?parent=12372"}],"wp:term":[{"taxonomy":"category","embeddable":true,"href":"https:\/\/radiostudiow.com.br\/site\/wp-json\/wp\/v2\/categories?post=12372"},{"taxonomy":"post_tag","embeddable":true,"href":"https:\/\/radiostudiow.com.br\/site\/wp-json\/wp\/v2\/tags?post=12372"}],"curies":[{"name":"wp","href":"https:\/\/api.w.org\/{rel}","templated":true}]}}