{"id":12386,"date":"2023-04-15T10:07:27","date_gmt":"2023-04-15T13:07:27","guid":{"rendered":"https:\/\/radiostudiow.com.br\/site\/?p=12386"},"modified":"2025-01-31T15:06:51","modified_gmt":"2025-01-31T18:06:51","slug":"medico-e-indiciado-por-homicidio-doloso-por-acidente-que-matou-1-pessoa-na-br-153-a-vitima-viajava-para-conhecer-filha","status":"publish","type":"post","link":"https:\/\/radiostudiow.com.br\/site\/2023\/04\/15\/medico-e-indiciado-por-homicidio-doloso-por-acidente-que-matou-1-pessoa-na-br-153-a-vitima-viajava-para-conhecer-filha\/","title":{"rendered":"M\u00c9DICO \u00c9 INDICIADO POR HOMIC\u00cdDIO DOLOSO POR ACIDENTE QUE MATOU 1 PESSOA NA BR-153. A V\u00cdTIMA VIAJAVA PARA CONHECER FILHA"},"content":{"rendered":"\n<p><strong><em>Acidente foi em Imbituva; ve\u00edculo de v\u00edtima estava parado por obras e foi arremessado contra caminh\u00e3o ap\u00f3s m\u00e9dico n\u00e3o frear. Pol\u00edcia afirma haver ind\u00edcios de que ele dirigia b\u00eabado.<\/em><\/strong><\/p>\n\n\n\n<figure class=\"wp-block-gallery has-nested-images columns-default is-cropped wp-block-gallery-1 is-layout-flex wp-block-gallery-is-layout-flex\">\n<figure class=\"wp-block-image size-large\"><img decoding=\"async\" data-id=\"11670\" src=\"https:\/\/radiostudiow.com.br\/site\/wp-content\/uploads\/2023\/03\/333961748_218140324032662_8763106638246866213_n-1024x452.png\" alt=\"\" class=\"wp-image-11670\"\/><\/figure>\n<\/figure>\n\n\n\n<p>A Pol\u00edcia Civil do Paran\u00e1 (PCPR) concluiu o inqu\u00e9rito policial que investigava o acidente de tr\u00e2nsito ocorrido no dia 14 de mar\u00e7o de 2023, na BR 153 em Imbituva. O m\u00e9dico foi\u00a0preso durante atendimento m\u00e9dico ap\u00f3s o acidente.<\/p>\n\n\n\n<p>A batida aconteceu quando o carro da v\u00edtima estava parado na rodovia por conta de obras em um trecho de pare e siga.O m\u00e9dico n\u00e3o freou e, ao atingir a traseira do ve\u00edculo, arremessou o carro do jovem de 26 anos contra um caminh\u00e3o. A v\u00edtima viajava para conhecer a filha rec\u00e9m nascida, mas morreu no local.<\/p>\n\n\n\n<p>Durante as dilig\u00eancias foram realizadas oitivas de testemunhas, analisadas imagens de c\u00e2meras de monitoramento e realizadas per\u00edcias junto ao Instituto de Criminal\u00edstica.<\/p>\n\n\n\n<p><em><strong>&#8220;O motorista demonstrou sinais de embriaguez enquanto dirigia<\/strong>. Durante as investiga\u00e7\u00f5es, descobrimos que <strong>a v\u00edtima estava indo para o hospital conhecer a filha rec\u00e9m-nascida&#8221;<\/strong>, explica o delegado da PCPR Thiago Andrade.\u00a0<\/em><\/p>\n\n\n\n<figure class=\"wp-block-image size-full is-resized\"><img loading=\"lazy\" decoding=\"async\" src=\"https:\/\/radiostudiow.com.br\/site\/wp-content\/uploads\/2023\/03\/WhatsApp-Image-2023-03-15-at-07.58.00.jpeg\" alt=\"\" class=\"wp-image-11796\" width=\"560\" height=\"568\" srcset=\"https:\/\/radiostudiow.com.br\/site\/wp-content\/uploads\/2023\/03\/WhatsApp-Image-2023-03-15-at-07.58.00.jpeg 560w, https:\/\/radiostudiow.com.br\/site\/wp-content\/uploads\/2023\/03\/WhatsApp-Image-2023-03-15-at-07.58.00-296x300.jpeg 296w, https:\/\/radiostudiow.com.br\/site\/wp-content\/uploads\/2023\/03\/WhatsApp-Image-2023-03-15-at-07.58.00-80x80.jpeg 80w\" sizes=\"auto, (max-width: 560px) 100vw, 560px\" \/><figcaption class=\"wp-element-caption\"><em><strong><em><strong>Patrick de Camargo Dutra<\/strong><\/em>, 25 anos, estava indo para o hospital conhecer a filha rec\u00e9m-nascida<\/strong><\/em><\/figcaption><\/figure>\n\n\n\n<figure class=\"wp-block-image size-full\"><img decoding=\"async\" src=\"https:\/\/radiostudiow.com.br\/site\/wp-content\/uploads\/2023\/02\/image-20.png\" alt=\"\" class=\"wp-image-11402\"\/><\/figure>\n\n\n\n<p>Conforme o delegado Thiago Andrade, no local do acidente n\u00e3o foram encontrados sinais de frenagem. No indiciamento tamb\u00e9m foi ressaltada a caracter\u00edstica &#8220;praticamente reta&#8221; da pista no local &#8211; o que permitia a visualiza\u00e7\u00e3o da fila pelo m\u00e9dico. A pol\u00edcia tamb\u00e9m considerou o depoimento de testemunhas, que relataram o fato de latinhas de cerveja serem encontradas dentro do carro.<\/p>\n\n\n\n<p>Agora, o Minist\u00e9rio P\u00fablico do Paran\u00e1 decide se vai oferecer den\u00fancia contra o m\u00e9dico. Em caso de acusa\u00e7\u00e3o e condena\u00e7\u00e3o por homic\u00eddio doloso, a pena pode pegar de 6 a 20 anos de reclus\u00e3o. Ap\u00f3s decis\u00e3o da Justi\u00e7a, o motorista passou a responder o processo em liberdade.<\/p>\n\n\n\n<p><em>A v\u00edtima estava parada com o freio de m\u00e3o acionado em uma fila de engarrafamento na estrada de Imbituva para Irati. Ap\u00f3s alguns minutos, o suspeito, em alta velocidade, atingiu o ve\u00edculo\u00a0da\u00a0v\u00edtima que o arremessou contra um caminh\u00e3o.<\/em><\/p>\n\n\n\n<h2 class=\"wp-block-heading\">Depoimento de testemunhas<\/h2>\n\n\n\n<p>Conforme o delegado, uma testemunha relatou \u00e0 pol\u00edcia que era costume do m\u00e9dico sair do trabalho e ingerir bebida alco\u00f3lica dentro do carro antes de viajar.<\/p>\n\n\n\n<p>Outra pessoa afirmou que conversou com o indiciado momentos antes do acidente. Durante a conversa, percebeu que ele estava alterado e chegou a pedir que ele n\u00e3o fosse para a rodovia e descansasse em Imbituva. O m\u00e9dico n\u00e3o quis ficar e saiu com destino a Irati, no trajeto, aconteceu o acidente.<\/p>\n\n\n\n<p>O motorista se recusou a fazer teste do baf\u00f4metro, mas teve a suspeita de embriaguez ressaltada por policiais rodovi\u00e1rias federais. No hospital, ele tamb\u00e9m se negou a fazer exame de sangue.<\/p>\n\n\n\n<p>A pol\u00edcia suspeita que a atitude tenha sido tomada com base em conhecimentos m\u00e9dicos para n\u00e3o comprovar a embriaguez ao volante.<\/p>\n\n\n\n<figure class=\"wp-block-image size-full\"><img decoding=\"async\" src=\"https:\/\/radiostudiow.com.br\/site\/wp-content\/uploads\/2023\/02\/image-21.png\" alt=\"\" class=\"wp-image-11405\"\/><\/figure>\n\n\n\n<figure class=\"wp-block-image size-full is-resized\"><img loading=\"lazy\" decoding=\"async\" src=\"https:\/\/radiostudiow.com.br\/site\/wp-content\/uploads\/2023\/04\/image-4.png\" alt=\"\" class=\"wp-image-12395\" width=\"213\" height=\"329\" srcset=\"https:\/\/radiostudiow.com.br\/site\/wp-content\/uploads\/2023\/04\/image-4.png 213w, https:\/\/radiostudiow.com.br\/site\/wp-content\/uploads\/2023\/04\/image-4-194x300.png 194w\" sizes=\"auto, (max-width: 213px) 100vw, 213px\" \/><figcaption class=\"wp-element-caption\"><em>Liliana Freitas Pontes, 25 anos, falou sobre o conv\u00edvio com o marido Patrick, morto em um acidente na BR-153 no dia 14 de mar\u00e7o. Foto: Mairon Alessi Vieira<\/em><\/figcaption><\/figure>\n\n\n\n<h2 class=\"wp-block-heading\">Vi\u00fava relata como era o conv\u00edvio com o falecimento do marido<\/h2>\n\n\n\n<p><em><strong>Liliana Freitas Pontes, de 25 anos, era esposa de Patrick de Camargo Dutra, que faleceu em um acidente na rodovia no dia 14 de mar\u00e7o.<\/strong><\/em><\/p>\n\n\n\n<p>A auxiliar de produ\u00e7\u00e3o Liliana Freitas Pontes, de 25 anos, vem sofrendo muito ap\u00f3s a perda do marido Patrick de Camargo Dutra.\u00a0O jovem faleceu aos 25 anos em um engavetamento envolvendo dois carros e um caminh\u00e3o na BR-153, no trecho entre Imbituva e Irati, no dia 14 de mar\u00e7o.<\/p>\n\n\n\n<p>Em conversa com a reportagem da Naju\u00e1, ela relatou as dificuldades que vem sentindo desde o dia do acidente. O casal estava junto h\u00e1 quatro anos. Inicialmente, Liliana contou que, um dia antes do acidente, Patrick viu o nascimento da filha do casal, na maternidade da Santa Casa de Irati.<\/p>\n\n\n\n<p>Liliana diz que a informa\u00e7\u00e3o sobre a morte do marido foi um \u201cchoque\u201d e que j\u00e1 estava nervosa porque a beb\u00ea havia sido levada para a UTI Neonatal. <em>\u201cEu fiquei sabendo por volta das 18 horas pelo meu cunhado. Foi quando eu consegui conversar com eles, que me passaram a informa\u00e7\u00e3o. Foi um choque grande porque eu j\u00e1 estava nervosa, a beb\u00ea precisou ficar na UTI, foi um choque enorme, pois eu n\u00e3o esperava isso\u201d, contou.<\/em><\/p>\n\n\n\n<h2 class=\"wp-block-heading\"><strong>Relacionamento<\/strong><\/h2>\n\n\n\n<p>Liliana contou como foi o relacionamento do casal nos \u00faltimos 4 anos. <em>\u201cN\u00f3s sempre nos demos super bem, era um relacionamento bom, com a fam\u00edlia n\u00f3s tamb\u00e9m nos damos bem, n\u00e3o tenho do que reclamar, n\u00e3o tenho palavras para descrever. Ele era incr\u00edvel, n\u00e3o tenho muito o que dizer, pois todas as qualidades ele tinha, o que podia, fazia e o que n\u00e3o podia tentava. Ele era incr\u00edvel de todas as formas e super batalhador\u201d, comentou.<\/em><\/p>\n\n\n\n<p>Liliana e Patrick se conheceram na empresa onde trabalhavam. A esposa conta que ficou abalada com a morte do marido. <em>\u201cEst\u00e1 bem dif\u00edcil, estamos vivendo um dia de cada vez. O que est\u00e1 me reerguendo \u00e9 ela (filha), mas est\u00e1 complicado. At\u00e9 agora n\u00e3o consegui pensar e me administrar sobre o que fazer da vida\u201d, lamentou.<\/em><\/p>\n\n\n\n<figure class=\"wp-block-image size-full\"><img decoding=\"async\" src=\"https:\/\/radiostudiow.com.br\/site\/wp-content\/uploads\/2023\/02\/image-23.png\" alt=\"\" class=\"wp-image-11407\"\/><\/figure>\n\n\n\n<h2 class=\"wp-block-heading\"><strong>Orienta\u00e7\u00e3o e apoio<\/strong><\/h2>\n\n\n\n<p>Liliana foi orientada a fazer acompanhamento com um psic\u00f3logo do Centro de Refer\u00eancia em Assist\u00eancia Social (CRAS) de Imbituva, e est\u00e1 aguardando uma vaga para receber atendimento. J\u00e1 os pais de Patrick ainda n\u00e3o conseguem falar sobre o assunto, mas est\u00e3o dando o apoio necess\u00e1rio para a nora e a neta. A jovem conta tamb\u00e9m com apoio de sua m\u00e3e, que acolheu a filha e a neta em sua resid\u00eancia.<\/p>\n\n\n\n<p><em>\u201cEstou na casa da minha m\u00e3e at\u00e9 eu me organizar, pois n\u00e3o consegui ainda ficar em casa sozinha. Como est\u00e1 recente, eu ainda estou tentando me acostumar a ficar sem ele. N\u00f3s est\u00e1vamos construindo nossa casa e t\u00ednhamos muitos sonhos pela frente. \u00c9 muito dif\u00edcil, n\u00e3o tem como descrever os sentimentos da gente, \u00e9 muito complicado\u201d, comentou.<\/em><\/p>\n\n\n\n<p>Durante o per\u00edodo de licen\u00e7a-maternidade, Liliana continua recebendo aux\u00edlio-maternidade e est\u00e1 recebendo todo o apoio necess\u00e1rio da m\u00e3e e dos sogros. Para ela, a uni\u00e3o da fam\u00edlia \u00e9 muito importante e a beb\u00ea fortaleceu ainda mais os la\u00e7os familiares.<em> \u201cN\u00f3s j\u00e1 \u00e9ramos bem unidos e apegados, mas agora ficou bem mais forte, a beb\u00ea nos uniu bastante\u201d, finalizou.<\/em><\/p>\n\n\n\n<p>FONTES\/FOTOS: <a href=\"https:\/\/najua.com.br\/\" data-type=\"URL\" data-id=\"https:\/\/najua.com.br\/\">Naju\u00e1 &#8211; Irati<\/a> \/ <a href=\"https:\/\/g1.globo.com\/pr\/campos-gerais-sul\/\" data-type=\"URL\" data-id=\"https:\/\/g1.globo.com\/pr\/campos-gerais-sul\/\">G1<\/a> \/ <a href=\"https:\/\/www.facebook.com\/nhnoticiasmanoelribas\" data-type=\"URL\" data-id=\"https:\/\/www.facebook.com\/nhnoticiasmanoelribas\">NH NOT\u00cdCIAS<\/a><\/p>\n","protected":false},"excerpt":{"rendered":"<p>Acidente foi em Imbituva; ve\u00edculo de v\u00edtima estava parado por obras e foi arremessado contra caminh\u00e3o ap\u00f3s m\u00e9dico n\u00e3o frear. Pol\u00edcia afirma haver ind\u00edcios de que ele dirigia b\u00eabado. A Pol\u00edcia Civil do Paran\u00e1 (PCPR) concluiu o inqu\u00e9rito policial que investigava o acidente de tr\u00e2nsito ocorrido no dia 14 de mar\u00e7o de 2023, na BR [&hellip;]<\/p>\n","protected":false},"author":2,"featured_media":12394,"comment_status":"open","ping_status":"open","sticky":false,"template":"","format":"standard","meta":{"footnotes":""},"categories":[2],"tags":[172],"class_list":["post-12386","post","type-post","status-publish","format-standard","has-post-thumbnail","hentry","category-policial","tag-featured"],"amp_enabled":true,"_links":{"self":[{"href":"https:\/\/radiostudiow.com.br\/site\/wp-json\/wp\/v2\/posts\/12386","targetHints":{"allow":["GET"]}}],"collection":[{"href":"https:\/\/radiostudiow.com.br\/site\/wp-json\/wp\/v2\/posts"}],"about":[{"href":"https:\/\/radiostudiow.com.br\/site\/wp-json\/wp\/v2\/types\/post"}],"author":[{"embeddable":true,"href":"https:\/\/radiostudiow.com.br\/site\/wp-json\/wp\/v2\/users\/2"}],"replies":[{"embeddable":true,"href":"https:\/\/radiostudiow.com.br\/site\/wp-json\/wp\/v2\/comments?post=12386"}],"version-history":[{"count":6,"href":"https:\/\/radiostudiow.com.br\/site\/wp-json\/wp\/v2\/posts\/12386\/revisions"}],"predecessor-version":[{"id":12398,"href":"https:\/\/radiostudiow.com.br\/site\/wp-json\/wp\/v2\/posts\/12386\/revisions\/12398"}],"wp:featuredmedia":[{"embeddable":true,"href":"https:\/\/radiostudiow.com.br\/site\/wp-json\/wp\/v2\/media\/12394"}],"wp:attachment":[{"href":"https:\/\/radiostudiow.com.br\/site\/wp-json\/wp\/v2\/media?parent=12386"}],"wp:term":[{"taxonomy":"category","embeddable":true,"href":"https:\/\/radiostudiow.com.br\/site\/wp-json\/wp\/v2\/categories?post=12386"},{"taxonomy":"post_tag","embeddable":true,"href":"https:\/\/radiostudiow.com.br\/site\/wp-json\/wp\/v2\/tags?post=12386"}],"curies":[{"name":"wp","href":"https:\/\/api.w.org\/{rel}","templated":true}]}}