{"id":12404,"date":"2023-04-17T09:49:51","date_gmt":"2023-04-17T12:49:51","guid":{"rendered":"https:\/\/radiostudiow.com.br\/site\/?p=12404"},"modified":"2025-01-31T15:06:51","modified_gmt":"2025-01-31T18:06:51","slug":"van-com-atletas-da-equipe-parana-clube-se-envolve-em-acidente-na-br-476-em-paulo-frontin","status":"publish","type":"post","link":"https:\/\/radiostudiow.com.br\/site\/2023\/04\/17\/van-com-atletas-da-equipe-parana-clube-se-envolve-em-acidente-na-br-476-em-paulo-frontin\/","title":{"rendered":"VAN COM ATLETAS DA EQUIPE PARAN\u00c1 CLUBE SE ENVOLVE EM ACIDENTE NA BR 476 EM PAULO FRONTIN"},"content":{"rendered":"\n<p>Mais um acidente impressionante no in\u00edcio da noite deste domingo (16), acabou causando diversos ferimentos \u00e0 atletas da equipe do Paran\u00e1 Clube.<\/p>\n\n\n\n<figure class=\"wp-block-image size-full\"><img decoding=\"async\" src=\"https:\/\/radiostudiow.com.br\/site\/wp-content\/uploads\/2023\/02\/image-22.png\" alt=\"\" class=\"wp-image-11406\"\/><\/figure>\n\n\n\n<p>O ve\u00edculo que levava os jogadores de futsal se envolveu no acidente na BR-476, no trevo de acesso a cidade de Paulo Frontin, na mesma mureta que vem ocasionando diversos acidentes e tirando a vida de usu\u00e1rios desta rodovia.<\/p>\n\n\n\n<p>De <a><\/a>acordo com informa\u00e7\u00f5es do site Canal 4, a equipe retornava para casa ap\u00f3s disputar uma partida v\u00e1lida pelo Campeonato Paranaense da S\u00e9rie Bronze, onde venceu a equipe da Sfinge no Gin\u00e1sio Isael Pastuch em Uni\u00e3o da Vit\u00f3ria.<\/p>\n\n\n\n<p>Ainda segundo relatos, as equipes do Corpo de Bombeiros e do SAMU foram mobilizadas para atender ao acidente que deixou apenas v\u00edtimas com ferimentos leves.<\/p>\n\n\n\n<p>Testemunhas afirmam que o motorista perdeu o controle, vindo a colidir com a mureta tombando a van em seguida.<\/p>\n\n\n\n<figure class=\"wp-block-image size-large\"><img decoding=\"async\" src=\"https:\/\/radiostudiow.com.br\/site\/wp-content\/uploads\/2023\/03\/333961748_218140324032662_8763106638246866213_n-1024x452.png\" alt=\"\" class=\"wp-image-11670\"\/><\/figure>\n\n\n\n<p><em>Fonte da informa\u00e7\u00e3o: Site do Canal 4 \/ Foto: D.O.<\/em><\/p>\n","protected":false},"excerpt":{"rendered":"<p>Mais um acidente impressionante no in\u00edcio da noite deste domingo (16), acabou causando diversos ferimentos \u00e0 atletas da equipe do Paran\u00e1 Clube. O ve\u00edculo que levava os jogadores de futsal se envolveu no acidente na BR-476, no trevo de acesso a cidade de Paulo Frontin, na mesma mureta que vem ocasionando diversos acidentes e tirando [&hellip;]<\/p>\n","protected":false},"author":2,"featured_media":12405,"comment_status":"open","ping_status":"open","sticky":false,"template":"","format":"standard","meta":{"footnotes":""},"categories":[2],"tags":[172],"class_list":["post-12404","post","type-post","status-publish","format-standard","has-post-thumbnail","hentry","category-policial","tag-featured"],"amp_enabled":true,"_links":{"self":[{"href":"https:\/\/radiostudiow.com.br\/site\/wp-json\/wp\/v2\/posts\/12404","targetHints":{"allow":["GET"]}}],"collection":[{"href":"https:\/\/radiostudiow.com.br\/site\/wp-json\/wp\/v2\/posts"}],"about":[{"href":"https:\/\/radiostudiow.com.br\/site\/wp-json\/wp\/v2\/types\/post"}],"author":[{"embeddable":true,"href":"https:\/\/radiostudiow.com.br\/site\/wp-json\/wp\/v2\/users\/2"}],"replies":[{"embeddable":true,"href":"https:\/\/radiostudiow.com.br\/site\/wp-json\/wp\/v2\/comments?post=12404"}],"version-history":[{"count":1,"href":"https:\/\/radiostudiow.com.br\/site\/wp-json\/wp\/v2\/posts\/12404\/revisions"}],"predecessor-version":[{"id":12406,"href":"https:\/\/radiostudiow.com.br\/site\/wp-json\/wp\/v2\/posts\/12404\/revisions\/12406"}],"wp:featuredmedia":[{"embeddable":true,"href":"https:\/\/radiostudiow.com.br\/site\/wp-json\/wp\/v2\/media\/12405"}],"wp:attachment":[{"href":"https:\/\/radiostudiow.com.br\/site\/wp-json\/wp\/v2\/media?parent=12404"}],"wp:term":[{"taxonomy":"category","embeddable":true,"href":"https:\/\/radiostudiow.com.br\/site\/wp-json\/wp\/v2\/categories?post=12404"},{"taxonomy":"post_tag","embeddable":true,"href":"https:\/\/radiostudiow.com.br\/site\/wp-json\/wp\/v2\/tags?post=12404"}],"curies":[{"name":"wp","href":"https:\/\/api.w.org\/{rel}","templated":true}]}}