{"id":12407,"date":"2023-04-17T10:59:00","date_gmt":"2023-04-17T13:59:00","guid":{"rendered":"https:\/\/radiostudiow.com.br\/site\/?p=12407"},"modified":"2025-01-31T15:06:51","modified_gmt":"2025-01-31T18:06:51","slug":"bombeiros-de-sao-mateus-do-sul-combatem-incendio-em-residencia","status":"publish","type":"post","link":"https:\/\/radiostudiow.com.br\/site\/2023\/04\/17\/bombeiros-de-sao-mateus-do-sul-combatem-incendio-em-residencia\/","title":{"rendered":"BOMBEIROS DE S\u00c3O MATEUS DO SUL COMBATEM INC\u00caNDIO EM RESID\u00caNCIA"},"content":{"rendered":"\n<p><em><strong>O suspeito pelo crime \u00e9 o ex-marido da propriet\u00e1ria. Por sorte, ningu\u00e9m ficou ferido.&nbsp;<\/strong><\/em><\/p>\n\n\n\n<figure class=\"wp-block-image size-full\"><img decoding=\"async\" src=\"https:\/\/radiostudiow.com.br\/site\/wp-content\/uploads\/2023\/02\/image-21.png\" alt=\"\" class=\"wp-image-11405\"\/><\/figure>\n\n\n\n<p>O Corpo de Bombeiros combateu um inc\u00eandio em resid\u00eancia, na Rua Ant\u00f4nio Carneiro Portes Neto, na Vila Amaral, na madrugada desta segunda-feira (17).&nbsp;<\/p>\n\n\n\n<p>De acordo com informa\u00e7\u00f5es, o homem teria ateado fogo na garagem da casa. Para se proteger, a mulher e as crian\u00e7as que estavam no local fugiram para a casa de vizinhos para se proteger.&nbsp;<\/p>\n\n\n\n<p>Moradores pr\u00f3ximos do local conseguiram controlar as chamas antes da chegada dos Bombeiros.&nbsp;<\/p>\n\n\n\n<p>O autor fugiu do local ap\u00f3s o crime. Por sorte, ningu\u00e9m ficou ferido.&nbsp;<\/p>\n","protected":false},"excerpt":{"rendered":"<p>O suspeito pelo crime \u00e9 o ex-marido da propriet\u00e1ria. Por sorte, ningu\u00e9m ficou ferido.&nbsp; O Corpo de Bombeiros combateu um inc\u00eandio em resid\u00eancia, na Rua Ant\u00f4nio Carneiro Portes Neto, na Vila Amaral, na madrugada desta segunda-feira (17).&nbsp; De acordo com informa\u00e7\u00f5es, o homem teria ateado fogo na garagem da casa. Para se proteger, a mulher [&hellip;]<\/p>\n","protected":false},"author":2,"featured_media":10918,"comment_status":"open","ping_status":"open","sticky":false,"template":"","format":"standard","meta":{"footnotes":""},"categories":[2],"tags":[172],"class_list":["post-12407","post","type-post","status-publish","format-standard","has-post-thumbnail","hentry","category-policial","tag-featured"],"amp_enabled":true,"_links":{"self":[{"href":"https:\/\/radiostudiow.com.br\/site\/wp-json\/wp\/v2\/posts\/12407","targetHints":{"allow":["GET"]}}],"collection":[{"href":"https:\/\/radiostudiow.com.br\/site\/wp-json\/wp\/v2\/posts"}],"about":[{"href":"https:\/\/radiostudiow.com.br\/site\/wp-json\/wp\/v2\/types\/post"}],"author":[{"embeddable":true,"href":"https:\/\/radiostudiow.com.br\/site\/wp-json\/wp\/v2\/users\/2"}],"replies":[{"embeddable":true,"href":"https:\/\/radiostudiow.com.br\/site\/wp-json\/wp\/v2\/comments?post=12407"}],"version-history":[{"count":2,"href":"https:\/\/radiostudiow.com.br\/site\/wp-json\/wp\/v2\/posts\/12407\/revisions"}],"predecessor-version":[{"id":12409,"href":"https:\/\/radiostudiow.com.br\/site\/wp-json\/wp\/v2\/posts\/12407\/revisions\/12409"}],"wp:featuredmedia":[{"embeddable":true,"href":"https:\/\/radiostudiow.com.br\/site\/wp-json\/wp\/v2\/media\/10918"}],"wp:attachment":[{"href":"https:\/\/radiostudiow.com.br\/site\/wp-json\/wp\/v2\/media?parent=12407"}],"wp:term":[{"taxonomy":"category","embeddable":true,"href":"https:\/\/radiostudiow.com.br\/site\/wp-json\/wp\/v2\/categories?post=12407"},{"taxonomy":"post_tag","embeddable":true,"href":"https:\/\/radiostudiow.com.br\/site\/wp-json\/wp\/v2\/tags?post=12407"}],"curies":[{"name":"wp","href":"https:\/\/api.w.org\/{rel}","templated":true}]}}