{"id":12411,"date":"2023-04-17T16:56:03","date_gmt":"2023-04-17T19:56:03","guid":{"rendered":"https:\/\/radiostudiow.com.br\/site\/?p=12411"},"modified":"2025-01-31T15:06:51","modified_gmt":"2025-01-31T18:06:51","slug":"27o-bpm-divulga-nota-de-pesar-apos-falecimento-de-policial-jefferson-leonardo-amaral","status":"publish","type":"post","link":"https:\/\/radiostudiow.com.br\/site\/2023\/04\/17\/27o-bpm-divulga-nota-de-pesar-apos-falecimento-de-policial-jefferson-leonardo-amaral\/","title":{"rendered":"27\u00ba BPM DIVULGA NOTA DE PESAR AP\u00d3S FALECIMENTO DE POLICIAL JEFFERSON LEONARDO AMARAL\u00a0"},"content":{"rendered":"\n<p><strong><em>O policial era natural de Ponta Grossa, mas atuava na cidade de Paulo Frontin<\/em><\/strong>. <strong><em>Ele faleceu aos 31 anos<\/em><\/strong>.<\/p>\n\n\n\n<figure class=\"wp-block-image size-full\"><img decoding=\"async\" src=\"https:\/\/radiostudiow.com.br\/site\/wp-content\/uploads\/2023\/02\/image-20.png\" alt=\"\" class=\"wp-image-11402\"\/><\/figure>\n\n\n\n<p>O 27\u00ba Batalh\u00e3o da Pol\u00edcia Militar divulgou uma nota de pesar ap\u00f3s o falecimento do policial Jefferson Leonardo Amaral, 31 anos, que atuava na cidade de Paulo Frontin.<\/p>\n\n\n\n<p>Segundo a nota, o Policial era natural de Ponta Grossa e o falecimento aconteceu na manh\u00e3 desta segunda-feira (17).<\/p>\n\n\n\n<p>O vel\u00f3rio ser\u00e1 realizado a partir das 19:00 horas na Capela Princesa, Cemit\u00e9rio de Ponta Grossa e o sepultamento ser\u00e1 ter\u00e7a-feira (18), em hora a ser marcada no Cemit\u00e9rio Santo Ant\u00f4nio na cidade de Ponta Grossa.<\/p>\n\n\n\n<p><em>As causas da morte n\u00e3o foram divulgadas oficialmente pelo batalh\u00e3o.<\/em><\/p>\n","protected":false},"excerpt":{"rendered":"<p>O policial era natural de Ponta Grossa, mas atuava na cidade de Paulo Frontin. Ele faleceu aos 31 anos. O 27\u00ba Batalh\u00e3o da Pol\u00edcia Militar divulgou uma nota de pesar ap\u00f3s o falecimento do policial Jefferson Leonardo Amaral, 31 anos, que atuava na cidade de Paulo Frontin. Segundo a nota, o Policial era natural de [&hellip;]<\/p>\n","protected":false},"author":2,"featured_media":12413,"comment_status":"open","ping_status":"open","sticky":false,"template":"","format":"standard","meta":{"footnotes":""},"categories":[2],"tags":[172],"class_list":["post-12411","post","type-post","status-publish","format-standard","has-post-thumbnail","hentry","category-policial","tag-featured"],"amp_enabled":true,"_links":{"self":[{"href":"https:\/\/radiostudiow.com.br\/site\/wp-json\/wp\/v2\/posts\/12411","targetHints":{"allow":["GET"]}}],"collection":[{"href":"https:\/\/radiostudiow.com.br\/site\/wp-json\/wp\/v2\/posts"}],"about":[{"href":"https:\/\/radiostudiow.com.br\/site\/wp-json\/wp\/v2\/types\/post"}],"author":[{"embeddable":true,"href":"https:\/\/radiostudiow.com.br\/site\/wp-json\/wp\/v2\/users\/2"}],"replies":[{"embeddable":true,"href":"https:\/\/radiostudiow.com.br\/site\/wp-json\/wp\/v2\/comments?post=12411"}],"version-history":[{"count":1,"href":"https:\/\/radiostudiow.com.br\/site\/wp-json\/wp\/v2\/posts\/12411\/revisions"}],"predecessor-version":[{"id":12414,"href":"https:\/\/radiostudiow.com.br\/site\/wp-json\/wp\/v2\/posts\/12411\/revisions\/12414"}],"wp:featuredmedia":[{"embeddable":true,"href":"https:\/\/radiostudiow.com.br\/site\/wp-json\/wp\/v2\/media\/12413"}],"wp:attachment":[{"href":"https:\/\/radiostudiow.com.br\/site\/wp-json\/wp\/v2\/media?parent=12411"}],"wp:term":[{"taxonomy":"category","embeddable":true,"href":"https:\/\/radiostudiow.com.br\/site\/wp-json\/wp\/v2\/categories?post=12411"},{"taxonomy":"post_tag","embeddable":true,"href":"https:\/\/radiostudiow.com.br\/site\/wp-json\/wp\/v2\/tags?post=12411"}],"curies":[{"name":"wp","href":"https:\/\/api.w.org\/{rel}","templated":true}]}}