{"id":12421,"date":"2023-04-17T19:56:33","date_gmt":"2023-04-17T22:56:33","guid":{"rendered":"https:\/\/radiostudiow.com.br\/site\/?p=12421"},"modified":"2025-01-31T15:06:51","modified_gmt":"2025-01-31T18:06:51","slug":"morador-de-paulo-frontin-procura-a-pm-apos-furto-em-seu-sitio","status":"publish","type":"post","link":"https:\/\/radiostudiow.com.br\/site\/2023\/04\/17\/morador-de-paulo-frontin-procura-a-pm-apos-furto-em-seu-sitio\/","title":{"rendered":"MORADOR DE PAULO FRONTIN PROCURA A PM AP\u00d3S FURTO EM SEU S\u00cdTIO"},"content":{"rendered":"\n<p><strong><em>De acordo com a v\u00edtima, foi furtado 3 carneiros da sua propriedade na madrugada desse domingo (16).<\/em><\/strong><\/p>\n\n\n\n<figure class=\"wp-block-image size-full\"><img decoding=\"async\" src=\"https:\/\/radiostudiow.com.br\/site\/wp-content\/uploads\/2023\/02\/image-12.png\" alt=\"\" class=\"wp-image-11282\"\/><\/figure>\n\n\n\n<p>Morador da Col\u00f4nia Santana acionou a equipe da Pol\u00edcia Militar de Paulo Frontin ap\u00f3s um furto na madrugada desse domingo (16).<\/p>\n\n\n\n<p>De acordo com o solicitante, o autor arremessou um peda\u00e7o de pau em cima da cerca de choque e arrancou fechadura do port\u00e3o o qual estava os referidos animais. Foi furtado 3 carneiros de seu s\u00edtio.<\/p>\n\n\n\n<p> A v\u00edtima n\u00e3o tem suspeitas de quem seria o autor. Sendo orientado pela equipe policial quanto aos procedimentos cab\u00edveis.<\/p>\n","protected":false},"excerpt":{"rendered":"<p>De acordo com a v\u00edtima, foi furtado 3 carneiros da sua propriedade na madrugada desse domingo (16). Morador da Col\u00f4nia Santana acionou a equipe da Pol\u00edcia Militar de Paulo Frontin ap\u00f3s um furto na madrugada desse domingo (16). De acordo com o solicitante, o autor arremessou um peda\u00e7o de pau em cima da cerca de [&hellip;]<\/p>\n","protected":false},"author":2,"featured_media":0,"comment_status":"open","ping_status":"open","sticky":false,"template":"","format":"standard","meta":{"footnotes":""},"categories":[2],"tags":[172],"class_list":["post-12421","post","type-post","status-publish","format-standard","hentry","category-policial","tag-featured"],"amp_enabled":true,"_links":{"self":[{"href":"https:\/\/radiostudiow.com.br\/site\/wp-json\/wp\/v2\/posts\/12421","targetHints":{"allow":["GET"]}}],"collection":[{"href":"https:\/\/radiostudiow.com.br\/site\/wp-json\/wp\/v2\/posts"}],"about":[{"href":"https:\/\/radiostudiow.com.br\/site\/wp-json\/wp\/v2\/types\/post"}],"author":[{"embeddable":true,"href":"https:\/\/radiostudiow.com.br\/site\/wp-json\/wp\/v2\/users\/2"}],"replies":[{"embeddable":true,"href":"https:\/\/radiostudiow.com.br\/site\/wp-json\/wp\/v2\/comments?post=12421"}],"version-history":[{"count":3,"href":"https:\/\/radiostudiow.com.br\/site\/wp-json\/wp\/v2\/posts\/12421\/revisions"}],"predecessor-version":[{"id":12427,"href":"https:\/\/radiostudiow.com.br\/site\/wp-json\/wp\/v2\/posts\/12421\/revisions\/12427"}],"wp:attachment":[{"href":"https:\/\/radiostudiow.com.br\/site\/wp-json\/wp\/v2\/media?parent=12421"}],"wp:term":[{"taxonomy":"category","embeddable":true,"href":"https:\/\/radiostudiow.com.br\/site\/wp-json\/wp\/v2\/categories?post=12421"},{"taxonomy":"post_tag","embeddable":true,"href":"https:\/\/radiostudiow.com.br\/site\/wp-json\/wp\/v2\/tags?post=12421"}],"curies":[{"name":"wp","href":"https:\/\/api.w.org\/{rel}","templated":true}]}}