{"id":12431,"date":"2023-04-17T20:34:51","date_gmt":"2023-04-17T23:34:51","guid":{"rendered":"https:\/\/radiostudiow.com.br\/site\/?p=12431"},"modified":"2025-01-31T15:06:51","modified_gmt":"2025-01-31T18:06:51","slug":"cuidado-com-pontos-potencializados-para-acidentes-na-br-476","status":"publish","type":"post","link":"https:\/\/radiostudiow.com.br\/site\/2023\/04\/17\/cuidado-com-pontos-potencializados-para-acidentes-na-br-476\/","title":{"rendered":"CUIDADO COM PONTOS POTENCIALIZADOS PARA ACIDENTES NA BR-476"},"content":{"rendered":"\n<p><strong><em>Motoristas que transitam pela\u00a0BR-476 principalmente no trecho entre Uni\u00e3o da Vit\u00f3ria e S\u00e3o Mateus do Sul fazem um novo alerta sobre as p\u00e9ssimas condi\u00e7\u00f5es de trafegabilidade nesse trecho entre Paula Freitas \u2013 Paulo Frontin e entre Paulo Frontin \u2013 Fluvi\u00f3polis.<\/em><\/strong><\/p>\n\n\n\n<figure class=\"wp-block-image size-full\"><img decoding=\"async\" src=\"https:\/\/radiostudiow.com.br\/site\/wp-content\/uploads\/2023\/02\/image-12.png\" alt=\"\" class=\"wp-image-11282\"\/><\/figure>\n\n\n\n<p>Al\u00e9m dos buracos gigantes ao longo da via, a chuva deixa o que j\u00e1 \u00e9 complicado ainda mais, aliados a tudo isso o movimento extremo no trecho. Al\u00e9m dos problemas mec\u00e2nicos de grandes propor\u00e7\u00f5es, acidentes podem ser potencializados devido ao mau estado de conserva\u00e7\u00e3o da via e o mau tempo.<\/p>\n\n\n\n<p>Audi\u00eancias publicas est\u00e3o agendadas para o final deste m\u00eas tanto em Uni\u00e3o da Vit\u00f3ria como em S\u00e3o Mateus do Sul para apresentar relat\u00f3rios sobre o impacto ambiental da duplica\u00e7\u00e3o do trecho de aproximadamente 164 KM entre Uni\u00e3o da Vit\u00f3ria e Lapa.<\/p>\n\n\n\n<h2 class=\"wp-block-heading\"><strong>Quando:<\/strong><\/h2>\n\n\n\n<p>As audi\u00eancias ser\u00e3o realizadas \u00e0s 19 horas nos dias:<\/p>\n\n\n\n<ul class=\"wp-block-list\">\n<li>25 de abril em Uni\u00e3o da Vit\u00f3ria (Cineteatro Luz | Rua Carlos Cavalcante, 124 \u2013 Centro);<\/li>\n\n\n\n<li>26 de abril em S\u00e3o Mateus de Sul (Col\u00e9gio Estadual Duque de Caxias | Rua Jo\u00e3o<br>Gabriel Martins. 546 \u2013 Centro); e<\/li>\n\n\n\n<li>27 de abril em Lapa (C\u00e2mara Municipal da Lapa | Alameda David Carneiro, 390)<\/li>\n<\/ul>\n\n\n\n<p><em>FONTE: Portal RDX  \/ VVale<\/em><\/p>\n","protected":false},"excerpt":{"rendered":"<p>Motoristas que transitam pela\u00a0BR-476 principalmente no trecho entre Uni\u00e3o da Vit\u00f3ria e S\u00e3o Mateus do Sul fazem um novo alerta sobre as p\u00e9ssimas condi\u00e7\u00f5es de trafegabilidade nesse trecho entre Paula Freitas \u2013 Paulo Frontin e entre Paulo Frontin \u2013 Fluvi\u00f3polis. Al\u00e9m dos buracos gigantes ao longo da via, a chuva deixa o que j\u00e1 \u00e9 [&hellip;]<\/p>\n","protected":false},"author":2,"featured_media":12432,"comment_status":"open","ping_status":"open","sticky":false,"template":"","format":"standard","meta":{"footnotes":""},"categories":[2],"tags":[172],"class_list":["post-12431","post","type-post","status-publish","format-standard","has-post-thumbnail","hentry","category-policial","tag-featured"],"amp_enabled":true,"_links":{"self":[{"href":"https:\/\/radiostudiow.com.br\/site\/wp-json\/wp\/v2\/posts\/12431","targetHints":{"allow":["GET"]}}],"collection":[{"href":"https:\/\/radiostudiow.com.br\/site\/wp-json\/wp\/v2\/posts"}],"about":[{"href":"https:\/\/radiostudiow.com.br\/site\/wp-json\/wp\/v2\/types\/post"}],"author":[{"embeddable":true,"href":"https:\/\/radiostudiow.com.br\/site\/wp-json\/wp\/v2\/users\/2"}],"replies":[{"embeddable":true,"href":"https:\/\/radiostudiow.com.br\/site\/wp-json\/wp\/v2\/comments?post=12431"}],"version-history":[{"count":1,"href":"https:\/\/radiostudiow.com.br\/site\/wp-json\/wp\/v2\/posts\/12431\/revisions"}],"predecessor-version":[{"id":12433,"href":"https:\/\/radiostudiow.com.br\/site\/wp-json\/wp\/v2\/posts\/12431\/revisions\/12433"}],"wp:featuredmedia":[{"embeddable":true,"href":"https:\/\/radiostudiow.com.br\/site\/wp-json\/wp\/v2\/media\/12432"}],"wp:attachment":[{"href":"https:\/\/radiostudiow.com.br\/site\/wp-json\/wp\/v2\/media?parent=12431"}],"wp:term":[{"taxonomy":"category","embeddable":true,"href":"https:\/\/radiostudiow.com.br\/site\/wp-json\/wp\/v2\/categories?post=12431"},{"taxonomy":"post_tag","embeddable":true,"href":"https:\/\/radiostudiow.com.br\/site\/wp-json\/wp\/v2\/tags?post=12431"}],"curies":[{"name":"wp","href":"https:\/\/api.w.org\/{rel}","templated":true}]}}