{"id":12434,"date":"2023-04-17T21:12:52","date_gmt":"2023-04-18T00:12:52","guid":{"rendered":"https:\/\/radiostudiow.com.br\/site\/?p=12434"},"modified":"2025-01-31T15:06:51","modified_gmt":"2025-01-31T18:06:51","slug":"santa-casa-de-irati-paralisara-atendimentos-a-partir-desta-terca-feira-18","status":"publish","type":"post","link":"https:\/\/radiostudiow.com.br\/site\/2023\/04\/17\/santa-casa-de-irati-paralisara-atendimentos-a-partir-desta-terca-feira-18\/","title":{"rendered":"SANTA CASA DE IRATI PARALISAR\u00c1 ATENDIMENTOS A PARTIR DESTA TER\u00c7A-FEIRA (18)"},"content":{"rendered":"\n<p><em><strong>Paralisa\u00e7\u00e3o ter\u00e1 in\u00edcio nesta ter\u00e7a-feira, 18, a partir das 10 horas, com um movimento de colaboradores e da popula\u00e7\u00e3o em frente \u00e0 Santa Casa. Hospital vem enfrentando s\u00e9rias dificuldades financeiras<\/strong><\/em>.<\/p>\n\n\n\n<figure class=\"wp-block-image size-full\"><img decoding=\"async\" src=\"https:\/\/radiostudiow.com.br\/site\/wp-content\/uploads\/2023\/02\/image-20.png\" alt=\"\" class=\"wp-image-11402\"\/><\/figure>\n\n\n\n<p>A Santa Casa de Irati paralisar\u00e1 atendimentos a partir desta ter\u00e7a-feira, 18, a partir das 10 horas. A paralisa\u00e7\u00e3o ter\u00e1 in\u00edcio com um movimento de colaboradores do Hospital e da popula\u00e7\u00e3o iratiense.\u00a0<\/p>\n\n\n\n<p>Atendimentos de cirurgias eletivas, consultas ambulatoriais, maternidade e outros que n\u00e3o sejam casos de urg\u00eancia e emerg\u00eancia n\u00e3o ser\u00e3o oferecidos \u00e0 popula\u00e7\u00e3o. J\u00e1 as situa\u00e7\u00f5es emergenciais continuar\u00e3o sendo atendidas normalmente. A decis\u00e3o pela paralisa\u00e7\u00e3o aconteceu ap\u00f3s uma reuni\u00e3o entre membros da irmandade, da provedoria, da administra\u00e7\u00e3o e do Conselho Deliberativo, realizada na \u00faltima quarta-feira (12).<\/p>\n\n\n\n<p><strong>Em v\u00eddeo publicado nas redes sociais na \u00faltima sexta-feira, 14 de Abril, o provedor, Ladislao Obrzut Neto, justificou que\u00a0a Santa Casa de Irati est\u00e1 enfrentando problemas financeiros porque o Sistema \u00danico de Sa\u00fade (SUS) n\u00e3o reajusta sua tabela h\u00e1 mais de 10 anos.<\/strong><\/p>\n\n\n\n<p><em>\u201cA Santa Casa de Irati est\u00e1 como descompasso financeiro devido \u00e0 falta de reajustes do SUS nos \u00faltimos 10 anos. Neste per\u00edodo, o sal\u00e1rio m\u00ednimo teve mais de 1500% de aumento, o g\u00e1s de cozinha subiu 2450% e a Santa Casa n\u00e3o teve reajuste\u201d, frisou.<\/em><\/p>\n\n\n\n<p><strong>Desde 1994, os procedimentos pagos pelo SUS tiveram apenas 93% de aumento. Este descompasso, segundo Ladislao, caracteriza a dificuldade de manter o pagamento de obriga\u00e7\u00f5es da Santa Casa.<\/strong><\/p>\n\n\n\n<p><em>\u201cTivemos que pagar, no m\u00eas passado, metade dos sal\u00e1rios dos nossos colaboradores e dos honor\u00e1rios dos m\u00e9dicos. N\u00e3o pagamos alguns fornecedores e ontem (quinta-feira,13), tivemos que ter alguma forma de pagar porque est\u00e1vamos sendo protestados pela falta de pagamento. Este descompasso financeiro, esta falta de recursos do nosso principal cliente, que \u00e9 o SUS, com todos estes anos sem reajuste, fica muito dif\u00edcil. Infelizmente, \u00e9 uma quest\u00e3o de fluxo de caixa. Todos os compromissos que temos pendentes est\u00e3o agendados e programados para pagamento, mas infelizmente falta fluxo de caixa\u201d, lamentou.<\/em><\/p>\n\n\n\n<figure class=\"wp-block-image size-full\"><img decoding=\"async\" src=\"https:\/\/radiostudiow.com.br\/site\/wp-content\/uploads\/2023\/01\/image-2.png\" alt=\"\" class=\"wp-image-10436\"\/><\/figure>\n\n\n\n<p><strong>Nesta segunda-feira, 17 de Abril, o provedor Ladislao e o diretor administrativo Sidnei Jo\u00e3o Barankievicz, est\u00e3o em Curitiba para conversar com o presidente da Assembleia Legislativa do Paran\u00e1 (ALEP), Ademar Traiano, com o vice-presidente Alexandre Curi, e com o secret\u00e1rio de sa\u00fade Beto Preto, para que a Santa Casa volte a funcionar normalmente. Ladislao solicita o apoio da popula\u00e7\u00e3o \u00e0 Santa Casa de Irati.<\/strong><\/p>\n\n\n\n<p><em>\u201cPrecisamos de voc\u00eas da comunidade para estarem do nosso lado. No dia 18, faremos uma paralisa\u00e7\u00e3o por tempo ainda n\u00e3o definido. O atendimento pelo SUS ser\u00e1 suspenso. Estaremos atendendo casos de mais emerg\u00eancia ou risco grave de morte pelo SUS. Pedimos que a comunidade de Irati nos ajude a influenciar os prefeitos e pol\u00edticos de toda a regi\u00e3o que colaborem com a Santa Casa\u201d, frisou.<\/em><\/p>\n\n\n\n<p><strong>Desde 2013, a diretoria da Santa Casa vem tentando conversar com prefeitos da regi\u00e3o, com o governo do estado e deputados para tentar viabilizar uma solu\u00e7\u00e3o para os problemas da Santa Casa, mas at\u00e9 agora n\u00e3o obteve nenhum resultado, segundo Ladislao.<\/strong><\/p>\n\n\n\n<p><em>\u201cAgora, chegou o momento em que, infelizmente, n\u00e3o conseguimos mais ir para a frente, precisamos realmente do apoio de todos para que saiamos desta situa\u00e7\u00e3o bem conflitante e temerosa. Estamos bem tristes porque conseguimos manter a Santa Casa com um padr\u00e3o de qualidade e excel\u00eancia. Podemos nos considerar top de linha, mas n\u00e3o temos recursos para mant\u00ea-la funcionando\u201d, finalizou.<\/em><\/p>\n","protected":false},"excerpt":{"rendered":"<p>Paralisa\u00e7\u00e3o ter\u00e1 in\u00edcio nesta ter\u00e7a-feira, 18, a partir das 10 horas, com um movimento de colaboradores e da popula\u00e7\u00e3o em frente \u00e0 Santa Casa. Hospital vem enfrentando s\u00e9rias dificuldades financeiras. A Santa Casa de Irati paralisar\u00e1 atendimentos a partir desta ter\u00e7a-feira, 18, a partir das 10 horas. A paralisa\u00e7\u00e3o ter\u00e1 in\u00edcio com um movimento de [&hellip;]<\/p>\n","protected":false},"author":2,"featured_media":12435,"comment_status":"open","ping_status":"open","sticky":false,"template":"","format":"standard","meta":{"footnotes":""},"categories":[185],"tags":[172],"class_list":["post-12434","post","type-post","status-publish","format-standard","has-post-thumbnail","hentry","category-regional","tag-featured"],"amp_enabled":true,"_links":{"self":[{"href":"https:\/\/radiostudiow.com.br\/site\/wp-json\/wp\/v2\/posts\/12434","targetHints":{"allow":["GET"]}}],"collection":[{"href":"https:\/\/radiostudiow.com.br\/site\/wp-json\/wp\/v2\/posts"}],"about":[{"href":"https:\/\/radiostudiow.com.br\/site\/wp-json\/wp\/v2\/types\/post"}],"author":[{"embeddable":true,"href":"https:\/\/radiostudiow.com.br\/site\/wp-json\/wp\/v2\/users\/2"}],"replies":[{"embeddable":true,"href":"https:\/\/radiostudiow.com.br\/site\/wp-json\/wp\/v2\/comments?post=12434"}],"version-history":[{"count":1,"href":"https:\/\/radiostudiow.com.br\/site\/wp-json\/wp\/v2\/posts\/12434\/revisions"}],"predecessor-version":[{"id":12436,"href":"https:\/\/radiostudiow.com.br\/site\/wp-json\/wp\/v2\/posts\/12434\/revisions\/12436"}],"wp:featuredmedia":[{"embeddable":true,"href":"https:\/\/radiostudiow.com.br\/site\/wp-json\/wp\/v2\/media\/12435"}],"wp:attachment":[{"href":"https:\/\/radiostudiow.com.br\/site\/wp-json\/wp\/v2\/media?parent=12434"}],"wp:term":[{"taxonomy":"category","embeddable":true,"href":"https:\/\/radiostudiow.com.br\/site\/wp-json\/wp\/v2\/categories?post=12434"},{"taxonomy":"post_tag","embeddable":true,"href":"https:\/\/radiostudiow.com.br\/site\/wp-json\/wp\/v2\/tags?post=12434"}],"curies":[{"name":"wp","href":"https:\/\/api.w.org\/{rel}","templated":true}]}}