{"id":12446,"date":"2023-04-18T19:22:35","date_gmt":"2023-04-18T22:22:35","guid":{"rendered":"https:\/\/radiostudiow.com.br\/site\/?p=12446"},"modified":"2025-01-31T15:06:51","modified_gmt":"2025-01-31T18:06:51","slug":"duas-casas-sao-destruidas-por-um-incendio-em-general-carneiro","status":"publish","type":"post","link":"https:\/\/radiostudiow.com.br\/site\/2023\/04\/18\/duas-casas-sao-destruidas-por-um-incendio-em-general-carneiro\/","title":{"rendered":"DUAS CASAS S\u00c3O DESTRU\u00cdDAS POR UM INC\u00caNDIO EM GENERAL CARNEIRO"},"content":{"rendered":"\n<p><strong><em>Os dois im\u00f3veis <strong><em>de madeira<\/em><\/strong><\/em><\/strong> <strong><em>eram as margens da BR-153. A situa\u00e7\u00e3o foi registrada na tarde dessa segunda-feira (17). <\/em><\/strong><\/p>\n\n\n\n<figure class=\"wp-block-image size-full is-resized\"><img loading=\"lazy\" decoding=\"async\" src=\"https:\/\/radiostudiow.com.br\/site\/wp-content\/uploads\/2023\/02\/image-12.png\" alt=\"\" class=\"wp-image-11282\" width=\"740\" height=\"168\"\/><\/figure>\n\n\n\n<p>A equipe da Pol\u00edcia Militar de General Carneiro estava em patrulhamento momento que foi abordada por um transeunte informando que duas casas as margens da BR-153 estariam em chamas por volta das 16:00 horas dessa segunda-feira (17). <\/p>\n\n\n\n<p>De imediato os policiais acionaram o Corpo de Bombeiros e se deslocaram at\u00e9 o local constatando o inc\u00eandio, equipe rapidamente foi at\u00e9 a segunda resid\u00eancia para averiguar se havia algu\u00e9m no interior, o im\u00f3vel estava vazio e sem m\u00f3veis.<\/p>\n\n\n\n<p>Felizmente em ambos os casos houve somente danos materiais e brevemente as chamas tomar\u00e3o conta das resid\u00eancias serem de madeiras.<\/p>\n\n\n\n<p>Essas constru\u00e7\u00f5es a beira da rodovia s\u00e3o ilegais, utilizadas para o comercio de produtos mas que n\u00e3o h\u00e1 moradores fixos nelas.<\/p>\n\n\n\n<figure class=\"wp-block-image size-full\"><img decoding=\"async\" src=\"https:\/\/radiostudiow.com.br\/site\/wp-content\/uploads\/2023\/02\/image-23.png\" alt=\"\" class=\"wp-image-11407\"\/><\/figure>\n","protected":false},"excerpt":{"rendered":"<p>Os dois im\u00f3veis de madeira eram as margens da BR-153. A situa\u00e7\u00e3o foi registrada na tarde dessa segunda-feira (17). A equipe da Pol\u00edcia Militar de General Carneiro estava em patrulhamento momento que foi abordada por um transeunte informando que duas casas as margens da BR-153 estariam em chamas por volta das 16:00 horas dessa segunda-feira [&hellip;]<\/p>\n","protected":false},"author":2,"featured_media":0,"comment_status":"open","ping_status":"open","sticky":false,"template":"","format":"standard","meta":{"footnotes":""},"categories":[2],"tags":[172],"class_list":["post-12446","post","type-post","status-publish","format-standard","hentry","category-policial","tag-featured"],"amp_enabled":true,"_links":{"self":[{"href":"https:\/\/radiostudiow.com.br\/site\/wp-json\/wp\/v2\/posts\/12446","targetHints":{"allow":["GET"]}}],"collection":[{"href":"https:\/\/radiostudiow.com.br\/site\/wp-json\/wp\/v2\/posts"}],"about":[{"href":"https:\/\/radiostudiow.com.br\/site\/wp-json\/wp\/v2\/types\/post"}],"author":[{"embeddable":true,"href":"https:\/\/radiostudiow.com.br\/site\/wp-json\/wp\/v2\/users\/2"}],"replies":[{"embeddable":true,"href":"https:\/\/radiostudiow.com.br\/site\/wp-json\/wp\/v2\/comments?post=12446"}],"version-history":[{"count":3,"href":"https:\/\/radiostudiow.com.br\/site\/wp-json\/wp\/v2\/posts\/12446\/revisions"}],"predecessor-version":[{"id":12451,"href":"https:\/\/radiostudiow.com.br\/site\/wp-json\/wp\/v2\/posts\/12446\/revisions\/12451"}],"wp:attachment":[{"href":"https:\/\/radiostudiow.com.br\/site\/wp-json\/wp\/v2\/media?parent=12446"}],"wp:term":[{"taxonomy":"category","embeddable":true,"href":"https:\/\/radiostudiow.com.br\/site\/wp-json\/wp\/v2\/categories?post=12446"},{"taxonomy":"post_tag","embeddable":true,"href":"https:\/\/radiostudiow.com.br\/site\/wp-json\/wp\/v2\/tags?post=12446"}],"curies":[{"name":"wp","href":"https:\/\/api.w.org\/{rel}","templated":true}]}}