{"id":12452,"date":"2023-04-18T20:44:24","date_gmt":"2023-04-18T23:44:24","guid":{"rendered":"https:\/\/radiostudiow.com.br\/site\/?p=12452"},"modified":"2025-01-31T15:06:51","modified_gmt":"2025-01-31T18:06:51","slug":"homem-e-encontrado-morto-em-general-carneiro","status":"publish","type":"post","link":"https:\/\/radiostudiow.com.br\/site\/2023\/04\/18\/homem-e-encontrado-morto-em-general-carneiro\/","title":{"rendered":"HOMEM \u00c9 ENCONTRADO MORTO EM GENERAL CARNEIRO"},"content":{"rendered":"\n<p><strong><em>De acordo com as informa\u00e7\u00f5es, o seu corpo foi encontrado por populares em uma mata pr\u00f3xima ao loteamento Cordeiro onde morava.<\/em><\/strong><\/p>\n\n\n\n<figure class=\"wp-block-image size-full\"><img decoding=\"async\" src=\"https:\/\/radiostudiow.com.br\/site\/wp-content\/uploads\/2023\/02\/image-22.png\" alt=\"\" class=\"wp-image-11406\"\/><\/figure>\n\n\n\n<p>Um homem de 55 anos de idade, identificado como Miguel Ribeiro dos Santos, foi encontrado morto durante essa ter\u00e7a-feira (18). Miguel estava desaparecido em General Carneiro desde o dia 10 de abril.<\/p>\n\n\n\n<p>De acordo com as informa\u00e7\u00f5es, o seu corpo foi encontrado por populares em uma mata pr\u00f3xima ao loteamento Cordeiro onde morava.<\/p>\n\n\n\n<p>A Pol\u00edcia Militar esteve no local e realizou o isolamento da \u00e1rea at\u00e9 a chegada do Instituto M\u00e9dico Legal \u2013 IML de Uni\u00e3o da Vit\u00f3ria que recolheu o corpo para procedimentos cab\u00edveis e posterior libera\u00e7\u00e3o \u00e0 fam\u00edlia. A causa da morte ser\u00e1 investigada.<\/p>\n","protected":false},"excerpt":{"rendered":"<p>De acordo com as informa\u00e7\u00f5es, o seu corpo foi encontrado por populares em uma mata pr\u00f3xima ao loteamento Cordeiro onde morava. Um homem de 55 anos de idade, identificado como Miguel Ribeiro dos Santos, foi encontrado morto durante essa ter\u00e7a-feira (18). Miguel estava desaparecido em General Carneiro desde o dia 10 de abril. De acordo [&hellip;]<\/p>\n","protected":false},"author":2,"featured_media":7526,"comment_status":"open","ping_status":"open","sticky":false,"template":"","format":"standard","meta":{"footnotes":""},"categories":[2],"tags":[172],"class_list":["post-12452","post","type-post","status-publish","format-standard","has-post-thumbnail","hentry","category-policial","tag-featured"],"amp_enabled":true,"_links":{"self":[{"href":"https:\/\/radiostudiow.com.br\/site\/wp-json\/wp\/v2\/posts\/12452","targetHints":{"allow":["GET"]}}],"collection":[{"href":"https:\/\/radiostudiow.com.br\/site\/wp-json\/wp\/v2\/posts"}],"about":[{"href":"https:\/\/radiostudiow.com.br\/site\/wp-json\/wp\/v2\/types\/post"}],"author":[{"embeddable":true,"href":"https:\/\/radiostudiow.com.br\/site\/wp-json\/wp\/v2\/users\/2"}],"replies":[{"embeddable":true,"href":"https:\/\/radiostudiow.com.br\/site\/wp-json\/wp\/v2\/comments?post=12452"}],"version-history":[{"count":2,"href":"https:\/\/radiostudiow.com.br\/site\/wp-json\/wp\/v2\/posts\/12452\/revisions"}],"predecessor-version":[{"id":12454,"href":"https:\/\/radiostudiow.com.br\/site\/wp-json\/wp\/v2\/posts\/12452\/revisions\/12454"}],"wp:featuredmedia":[{"embeddable":true,"href":"https:\/\/radiostudiow.com.br\/site\/wp-json\/wp\/v2\/media\/7526"}],"wp:attachment":[{"href":"https:\/\/radiostudiow.com.br\/site\/wp-json\/wp\/v2\/media?parent=12452"}],"wp:term":[{"taxonomy":"category","embeddable":true,"href":"https:\/\/radiostudiow.com.br\/site\/wp-json\/wp\/v2\/categories?post=12452"},{"taxonomy":"post_tag","embeddable":true,"href":"https:\/\/radiostudiow.com.br\/site\/wp-json\/wp\/v2\/tags?post=12452"}],"curies":[{"name":"wp","href":"https:\/\/api.w.org\/{rel}","templated":true}]}}