{"id":12456,"date":"2023-04-19T10:30:26","date_gmt":"2023-04-19T13:30:26","guid":{"rendered":"https:\/\/radiostudiow.com.br\/site\/?p=12456"},"modified":"2025-01-31T15:06:51","modified_gmt":"2025-01-31T18:06:51","slug":"homem-e-preso-por-furtar-imagem-da-paroquia-em-sao-mateus-do-sul","status":"publish","type":"post","link":"https:\/\/radiostudiow.com.br\/site\/2023\/04\/19\/homem-e-preso-por-furtar-imagem-da-paroquia-em-sao-mateus-do-sul\/","title":{"rendered":"HOMEM \u00c9 PRESO POR FURTAR IMAGEM DA PAR\u00d3QUIA EM S\u00c3O MATEUS DO SUL"},"content":{"rendered":"\n<p><strong><em>Um homem teria ido at\u00e9 o escrit\u00f3rio paroquial e teria feito um esc\u00e2ndalo, logo em seguida os padres constataram que a imagem havia sido levada.<\/em><\/strong><\/p>\n\n\n\n<figure class=\"wp-block-image size-full\"><img decoding=\"async\" src=\"https:\/\/radiostudiow.com.br\/site\/wp-content\/uploads\/2023\/02\/image-21.png\" alt=\"\" class=\"wp-image-11405\"\/><\/figure>\n\n\n\n<p>Um homem foi detido pela Pol\u00edcia Militar de S\u00e3o Mateus do Sul por volta de 12:00 horas dessa ter\u00e7a-feira, 18 de abril, ap\u00f3s furtar uma imagem de Nossa Senhora Aparecida da Par\u00f3quia. <\/p>\n\n\n\n<p>Um homem teria ido at\u00e9 o escrit\u00f3rio paroquial da Igreja Matriz, onde teria feito um esc\u00e2ndalo e logo em seguida, os padres constataram que a imagem havia sido levada. O autor foi flagrado pelas c\u00e2meras de monitoramento furtando a imagem.<\/p>\n\n\n\n<p>Horas depois o autor do furto foi flagrado com a imagem no Centro de S\u00e3o Mateus do Sul, onde a Pol\u00edcia Militar foi chamada e o homem acabou sendo detido. Ele foi levado \u00e0 3\u00aa Subdivis\u00e3o Policial (SDP) para procedimentos cab\u00edveis.<\/p>\n\n\n\n<p><em>Essa n\u00e3o \u00e9 a primeira vez em que a Par\u00f3quia S\u00e3o Mateus sofre algum tipo de atentado. Em outubro do ano passado,\u00a028 imagens sacras foram quebradas. Confira na imagem abaixo:<\/em><\/p>\n\n\n\n<figure class=\"wp-block-image size-full\"><img loading=\"lazy\" decoding=\"async\" width=\"1024\" height=\"768\" src=\"https:\/\/radiostudiow.com.br\/site\/wp-content\/uploads\/2023\/04\/image-6.png\" alt=\"\" class=\"wp-image-12457\" srcset=\"https:\/\/radiostudiow.com.br\/site\/wp-content\/uploads\/2023\/04\/image-6.png 1024w, https:\/\/radiostudiow.com.br\/site\/wp-content\/uploads\/2023\/04\/image-6-300x225.png 300w, https:\/\/radiostudiow.com.br\/site\/wp-content\/uploads\/2023\/04\/image-6-768x576.png 768w\" sizes=\"auto, (max-width: 1024px) 100vw, 1024px\" \/><\/figure>\n","protected":false},"excerpt":{"rendered":"<p>Um homem teria ido at\u00e9 o escrit\u00f3rio paroquial e teria feito um esc\u00e2ndalo, logo em seguida os padres constataram que a imagem havia sido levada. Um homem foi detido pela Pol\u00edcia Militar de S\u00e3o Mateus do Sul por volta de 12:00 horas dessa ter\u00e7a-feira, 18 de abril, ap\u00f3s furtar uma imagem de Nossa Senhora Aparecida [&hellip;]<\/p>\n","protected":false},"author":2,"featured_media":12458,"comment_status":"open","ping_status":"open","sticky":false,"template":"","format":"standard","meta":{"footnotes":""},"categories":[2],"tags":[172],"class_list":["post-12456","post","type-post","status-publish","format-standard","has-post-thumbnail","hentry","category-policial","tag-featured"],"amp_enabled":true,"_links":{"self":[{"href":"https:\/\/radiostudiow.com.br\/site\/wp-json\/wp\/v2\/posts\/12456","targetHints":{"allow":["GET"]}}],"collection":[{"href":"https:\/\/radiostudiow.com.br\/site\/wp-json\/wp\/v2\/posts"}],"about":[{"href":"https:\/\/radiostudiow.com.br\/site\/wp-json\/wp\/v2\/types\/post"}],"author":[{"embeddable":true,"href":"https:\/\/radiostudiow.com.br\/site\/wp-json\/wp\/v2\/users\/2"}],"replies":[{"embeddable":true,"href":"https:\/\/radiostudiow.com.br\/site\/wp-json\/wp\/v2\/comments?post=12456"}],"version-history":[{"count":1,"href":"https:\/\/radiostudiow.com.br\/site\/wp-json\/wp\/v2\/posts\/12456\/revisions"}],"predecessor-version":[{"id":12459,"href":"https:\/\/radiostudiow.com.br\/site\/wp-json\/wp\/v2\/posts\/12456\/revisions\/12459"}],"wp:featuredmedia":[{"embeddable":true,"href":"https:\/\/radiostudiow.com.br\/site\/wp-json\/wp\/v2\/media\/12458"}],"wp:attachment":[{"href":"https:\/\/radiostudiow.com.br\/site\/wp-json\/wp\/v2\/media?parent=12456"}],"wp:term":[{"taxonomy":"category","embeddable":true,"href":"https:\/\/radiostudiow.com.br\/site\/wp-json\/wp\/v2\/categories?post=12456"},{"taxonomy":"post_tag","embeddable":true,"href":"https:\/\/radiostudiow.com.br\/site\/wp-json\/wp\/v2\/tags?post=12456"}],"curies":[{"name":"wp","href":"https:\/\/api.w.org\/{rel}","templated":true}]}}