{"id":12460,"date":"2023-04-19T10:55:59","date_gmt":"2023-04-19T13:55:59","guid":{"rendered":"https:\/\/radiostudiow.com.br\/site\/?p=12460"},"modified":"2025-01-31T15:06:50","modified_gmt":"2025-01-31T18:06:50","slug":"autor-pela-morte-de-lindolfo-kosmaski-e-condenado-a-19-anos-e-6-meses-de-prisao","status":"publish","type":"post","link":"https:\/\/radiostudiow.com.br\/site\/2023\/04\/19\/autor-pela-morte-de-lindolfo-kosmaski-e-condenado-a-19-anos-e-6-meses-de-prisao\/","title":{"rendered":"AUTOR DE ASSASSINATO DE LINDOLFO KOSMASKI\u00a0\u00c9 CONDENADO A 19 ANOS E 6 MESES DE PRIS\u00c3O \u00a0"},"content":{"rendered":"\n<p><strong><em>Familiares, amigos, colegas de trabalho de Lindolfo, e outras institui\u00e7\u00f5es se organizaram em um ato em S\u00e3o Jo\u00e3o do Triunfo onde acompanharam o j\u00fari nesta ter\u00e7a-feira (18).<\/em><\/strong><\/p>\n\n\n\n<figure class=\"wp-block-image size-large\"><img decoding=\"async\" src=\"https:\/\/radiostudiow.com.br\/site\/wp-content\/uploads\/2023\/01\/image-3-1024x392.png\" alt=\"\" class=\"wp-image-10452\"\/><\/figure>\n\n\n\n<p>Ap\u00f3s quase dois anos de um crime que chocou S\u00e3o Jo\u00e3o do Triunfo,&nbsp;<strong>Robson Jos\u00e9 Voinarski, 22 anos<\/strong>,&nbsp;<strong>foi condenado a 19 anos e 6 meses de pris\u00e3o<\/strong>&nbsp;<a href=\"https:\/\/portalrdx.com.br\/01\/05\/2021\/professor-de-25-anos-e-encontrado-morto-em-sao-joao-do-triunfo\/\">pelo assassinato de Lindolfo Kosmaski, no dia 1\u00ba de maio de 2021<\/a>, homic\u00eddio triplamente qualificado, por motivo f\u00fatil, meio cruel e recurso que dificultou a defesa da v\u00edtima.<\/p>\n\n\n\n<p>Lindolfo teve seu corpo totalmente carbonizado, com a inten\u00e7\u00e3o de ocultar provas e as investiga\u00e7\u00f5es davam conta de que a v\u00edtima de um crime de \u00f3dio, praticado com requintes de crueldade, motivado pelo preconceito por sua orienta\u00e7\u00e3o sexual.<\/p>\n\n\n\n<figure class=\"wp-block-image size-full\"><img loading=\"lazy\" decoding=\"async\" width=\"828\" height=\"564\" src=\"https:\/\/radiostudiow.com.br\/site\/wp-content\/uploads\/2023\/04\/image-7.png\" alt=\"\" class=\"wp-image-12461\" srcset=\"https:\/\/radiostudiow.com.br\/site\/wp-content\/uploads\/2023\/04\/image-7.png 828w, https:\/\/radiostudiow.com.br\/site\/wp-content\/uploads\/2023\/04\/image-7-300x204.png 300w, https:\/\/radiostudiow.com.br\/site\/wp-content\/uploads\/2023\/04\/image-7-768x523.png 768w\" sizes=\"auto, (max-width: 828px) 100vw, 828px\" \/><figcaption class=\"wp-element-caption\"><em>Foto: Claudinho Lima\/PORTAL RDX.<\/em><\/figcaption><\/figure>\n\n\n\n<p>O j\u00fari come\u00e7ou por volta de 09:00 horas dessa ter\u00e7a-feira (18) e encerrou por volta de 03:00 horas da madrugada desta quarta-feira (19), somando mais de 18 horas de dura\u00e7\u00e3o.<\/p>\n\n\n\n<p><strong>Segundo Micheli Toporowicz, advogada assistente de acusa\u00e7\u00e3o que representa a v\u00edtima, a fam\u00edlia reconheceu que a justi\u00e7a foi feita.<\/strong><em> \u201cO julgamento foi longo e extenso devido a complexidade do caso. Mas sa\u00edmos com a sensa\u00e7\u00e3o de dever cumprido. Os jurados que representam a comunidade de S\u00e3o Jo\u00e3o do Triunfo reconheceram a materialidade, a autoria e as qualificadoras, ou seja, o acusado foi condenado por homic\u00eddio triplamente qualificado, por motivo f\u00fatil, recurso que dificultou a defesa da v\u00edtima e emprego de meio cruel. A fam\u00edlia saiu aliviada, pois a justi\u00e7a foi aplicada de forma correta\u201d, disse.<\/em><\/p>\n\n\n\n<p><strong>De acordo com a defesa da v\u00edtima, Robson foi condenado a 19 anos e 6 meses em regime inicial de cumprimento de pena fechado.<\/strong><\/p>\n\n\n\n<figure class=\"wp-block-gallery has-nested-images columns-default is-cropped wp-block-gallery-1 is-layout-flex wp-block-gallery-is-layout-flex\">\n<figure class=\"wp-block-image size-large\"><img loading=\"lazy\" decoding=\"async\" width=\"768\" height=\"1024\" data-id=\"12462\" src=\"https:\/\/radiostudiow.com.br\/site\/wp-content\/uploads\/2023\/04\/image-8.png\" alt=\"\" class=\"wp-image-12462\" srcset=\"https:\/\/radiostudiow.com.br\/site\/wp-content\/uploads\/2023\/04\/image-8.png 768w, https:\/\/radiostudiow.com.br\/site\/wp-content\/uploads\/2023\/04\/image-8-225x300.png 225w\" sizes=\"auto, (max-width: 768px) 100vw, 768px\" \/><figcaption class=\"wp-element-caption\"><em>Na foto, Adolfo Osvaldo Kosmaski, pai de Lindolfo, acompanhando o j\u00fari. Foto: Claudinho Lima\/PORTAL RDX.<\/em><\/figcaption><\/figure>\n\n\n\n<figure class=\"wp-block-image size-large\"><img loading=\"lazy\" decoding=\"async\" width=\"1024\" height=\"768\" data-id=\"12463\" src=\"https:\/\/radiostudiow.com.br\/site\/wp-content\/uploads\/2023\/04\/image-9.png\" alt=\"\" class=\"wp-image-12463\" srcset=\"https:\/\/radiostudiow.com.br\/site\/wp-content\/uploads\/2023\/04\/image-9.png 1024w, https:\/\/radiostudiow.com.br\/site\/wp-content\/uploads\/2023\/04\/image-9-300x225.png 300w, https:\/\/radiostudiow.com.br\/site\/wp-content\/uploads\/2023\/04\/image-9-768x576.png 768w\" sizes=\"auto, (max-width: 1024px) 100vw, 1024px\" \/><figcaption class=\"wp-element-caption\"><em>Na foto, Rosinei Luci Pereira, m\u00e3e de Lindolfo, acompanhando o j\u00fari. Foto: Claudinho Lima\/PORTAL RDX.<\/em><\/figcaption><\/figure>\n<\/figure>\n\n\n\n<figure class=\"wp-block-image size-full\"><img decoding=\"async\" src=\"https:\/\/radiostudiow.com.br\/site\/wp-content\/uploads\/2023\/01\/image-2.png\" alt=\"\" class=\"wp-image-10436\"\/><\/figure>\n\n\n\n<h2 class=\"wp-block-heading\">Relembre o caso<\/h2>\n\n\n\n<p>O jovem Lindolfo Kosmaski, morador do Coxilh\u00e3o Santa Rosa, foi encontrado carbonizado dentro de um ve\u00edculo no dia 1\u00ba de maio de 2021. No local havia ainda ind\u00edcios de disparos de arma de fogo.<\/p>\n\n\n\n<p>Na \u00e9poca, o delegado Michel Leite Pereira da Silva, j\u00e1 falecido, que inicialmente esteve respons\u00e1vel pela investiga\u00e7\u00e3o,&nbsp;<a href=\"https:\/\/portalrdx.com.br\/03\/05\/2021\/caso-tramita-em-absoluta-prioridade-diz-delegado-sobre-investigacao-da-morte-de-lindolfo\/\">disse que a primeira informa\u00e7\u00e3o<\/a>&nbsp;foi de que havia um ve\u00edculo Palio estaria em chamas na localidade de Coxilh\u00e3o do Meio, interior de S\u00e3o Jo\u00e3o do Triunfo, em uma situa\u00e7\u00e3o de acidente. <em>\u201cNo local n\u00f3s vimos que os elementos n\u00e3o condiziam com uma ocorr\u00eancia de acidente, mas sim como um caso de poss\u00edvel homic\u00eddio\u201d, relatou o delegado na \u00e9poca.<\/em><\/p>\n\n\n\n<p>O fogo se alastrou tamb\u00e9m pela vegeta\u00e7\u00e3o, em que foi necess\u00e1rio o apoio do Corpo de Bombeiros de Palmeira para conten\u00e7\u00e3o do inc\u00eandio. O corpo da v\u00edtima foi encontrado deitado no banco do passageiro.<\/p>\n\n\n\n<p><a href=\"https:\/\/portalrdx.com.br\/07\/05\/2021\/policia-civil-prende-suspeitos-de-matarem-lindolfo\/\">No dia 7 de maio de 2021<\/a>,&nbsp;<a href=\"https:\/\/portalrdx.com.br\/07\/05\/2021\/policia-civil-prende-suspeitos-de-matarem-lindolfo\/\">a equipe da 3\u00aa Subdivis\u00e3o Policial de S\u00e3o Mateus do Sul cumpriu 3 mandados de pris\u00e3o e 3 buscas e apreens\u00f5es<\/a>&nbsp;referentes aos suspeitos de envolvimento na morte do jovem.<\/p>\n\n\n\n<figure class=\"wp-block-image size-full\"><img loading=\"lazy\" decoding=\"async\" width=\"1024\" height=\"1024\" src=\"https:\/\/radiostudiow.com.br\/site\/wp-content\/uploads\/2023\/04\/image-10.png\" alt=\"\" class=\"wp-image-12464\" srcset=\"https:\/\/radiostudiow.com.br\/site\/wp-content\/uploads\/2023\/04\/image-10.png 1024w, https:\/\/radiostudiow.com.br\/site\/wp-content\/uploads\/2023\/04\/image-10-300x300.png 300w, https:\/\/radiostudiow.com.br\/site\/wp-content\/uploads\/2023\/04\/image-10-768x768.png 768w, https:\/\/radiostudiow.com.br\/site\/wp-content\/uploads\/2023\/04\/image-10-80x80.png 80w\" sizes=\"auto, (max-width: 1024px) 100vw, 1024px\" \/><figcaption class=\"wp-element-caption\"><em>(Foto: Reprodu\u00e7\u00e3o Hermes Silva Le\u00e3o<\/em>)<\/figcaption><\/figure>\n\n\n\n<h2 class=\"wp-block-heading\">Sobre Lindolfo<\/h2>\n\n\n\n<p>Lindolfo nasceu no dia 11 de setembro de 1995, no munic\u00edpio de S\u00e3o Jo\u00e3o do Triunfo, em uma comunidade camponesa de pequenos agricultores e agricultoras, chamada Coxilh\u00e3o de Santa Rosa.<\/p>\n\n\n\n<p>Sempre muito estudioso, em 2014 ap\u00f3s terminar o ensino m\u00e9dio, participou da Jornada de Agroecologia na Escola Milton Santos (EMS), que \u00e9 um centro de forma\u00e7\u00e3o do MST, no munic\u00edpio de Maring\u00e1-PR. Tamb\u00e9m tinha o sonho de cursar medicina. Foi para Escola Latina Americana de Agroecologia (ELAA), na Lapa\/PR.<\/p>\n\n\n\n<p>Em 2015 estudou no curso de Licenciatura em Educa\u00e7\u00e3o do Campo, Ci\u00eancias da Natureza com \u00eanfase em Agroecologia em parceria com a ELAA e a UFPR\/Setor Litoral. Neste per\u00edodo conhece o MST e passa a participar das atividades, se reconhece como gay e come\u00e7a a participar do Coletivo LGBT do Movimento.<\/p>\n\n\n\n<p>Em 2018, ao concluir o curso volta para sua comunidade, em S\u00e3o Jo\u00e3o do Triunfo e continua os estudos no Programa de P\u00f3s-gradua\u00e7\u00e3o em Ci\u00eancias e Matem\u00e1tica, na Universidade Federal do Paran\u00e1. Dois anos depois, em 2020, concorre a vereador pelo Partido dos Trabalhadores (PT) no munic\u00edpio, para tentar contribuir com a sua comunidade e nesse per\u00edodo tamb\u00e9m atuava como professor da Rede Estadual de Ensino do Paran\u00e1 em quatro escolas.<\/p>\n\n\n\n<p>Para o Coletivo LGBT Nacional do MST, Lindolfo se tornou um s\u00edmbolo da luta pela qual ele lutava, \u201ce pela qual n\u00f3s vamos seguir lutando\u201d, afirmou Alessandro Mariano, da coordena\u00e7\u00e3o do Coletivo LGBT Nacional do MST no ato de 2022 que reuniu 200 pessoas um ano ap\u00f3s o assassinato.<\/p>\n\n\n\n<figure class=\"wp-block-image size-full\"><img loading=\"lazy\" decoding=\"async\" width=\"720\" height=\"496\" src=\"https:\/\/radiostudiow.com.br\/site\/wp-content\/uploads\/2023\/04\/image-11.png\" alt=\"\" class=\"wp-image-12465\" srcset=\"https:\/\/radiostudiow.com.br\/site\/wp-content\/uploads\/2023\/04\/image-11.png 720w, https:\/\/radiostudiow.com.br\/site\/wp-content\/uploads\/2023\/04\/image-11-300x207.png 300w\" sizes=\"auto, (max-width: 720px) 100vw, 720px\" \/><figcaption class=\"wp-element-caption\"><em>Foto: Reprodu\u00e7\u00e3o.<\/em><\/figcaption><\/figure>\n\n\n\n<p>Fonte\/Fotos: <a href=\"https:\/\/portalrdx.com.br\/\" data-type=\"URL\" data-id=\"https:\/\/portalrdx.com.br\/\">Portal RDX<\/a><\/p>\n","protected":false},"excerpt":{"rendered":"<p>Familiares, amigos, colegas de trabalho de Lindolfo, e outras institui\u00e7\u00f5es se organizaram em um ato em S\u00e3o Jo\u00e3o do Triunfo onde acompanharam o j\u00fari nesta ter\u00e7a-feira (18). Ap\u00f3s quase dois anos de um crime que chocou S\u00e3o Jo\u00e3o do Triunfo,&nbsp;Robson Jos\u00e9 Voinarski, 22 anos,&nbsp;foi condenado a 19 anos e 6 meses de pris\u00e3o&nbsp;pelo assassinato de [&hellip;]<\/p>\n","protected":false},"author":2,"featured_media":12466,"comment_status":"open","ping_status":"open","sticky":false,"template":"","format":"standard","meta":{"footnotes":""},"categories":[2],"tags":[172],"class_list":["post-12460","post","type-post","status-publish","format-standard","has-post-thumbnail","hentry","category-policial","tag-featured"],"amp_enabled":true,"_links":{"self":[{"href":"https:\/\/radiostudiow.com.br\/site\/wp-json\/wp\/v2\/posts\/12460","targetHints":{"allow":["GET"]}}],"collection":[{"href":"https:\/\/radiostudiow.com.br\/site\/wp-json\/wp\/v2\/posts"}],"about":[{"href":"https:\/\/radiostudiow.com.br\/site\/wp-json\/wp\/v2\/types\/post"}],"author":[{"embeddable":true,"href":"https:\/\/radiostudiow.com.br\/site\/wp-json\/wp\/v2\/users\/2"}],"replies":[{"embeddable":true,"href":"https:\/\/radiostudiow.com.br\/site\/wp-json\/wp\/v2\/comments?post=12460"}],"version-history":[{"count":3,"href":"https:\/\/radiostudiow.com.br\/site\/wp-json\/wp\/v2\/posts\/12460\/revisions"}],"predecessor-version":[{"id":12470,"href":"https:\/\/radiostudiow.com.br\/site\/wp-json\/wp\/v2\/posts\/12460\/revisions\/12470"}],"wp:featuredmedia":[{"embeddable":true,"href":"https:\/\/radiostudiow.com.br\/site\/wp-json\/wp\/v2\/media\/12466"}],"wp:attachment":[{"href":"https:\/\/radiostudiow.com.br\/site\/wp-json\/wp\/v2\/media?parent=12460"}],"wp:term":[{"taxonomy":"category","embeddable":true,"href":"https:\/\/radiostudiow.com.br\/site\/wp-json\/wp\/v2\/categories?post=12460"},{"taxonomy":"post_tag","embeddable":true,"href":"https:\/\/radiostudiow.com.br\/site\/wp-json\/wp\/v2\/tags?post=12460"}],"curies":[{"name":"wp","href":"https:\/\/api.w.org\/{rel}","templated":true}]}}