{"id":12469,"date":"2023-04-19T14:24:53","date_gmt":"2023-04-19T17:24:53","guid":{"rendered":"https:\/\/radiostudiow.com.br\/site\/?p=12469"},"modified":"2025-01-31T15:06:50","modified_gmt":"2025-01-31T18:06:50","slug":"policia-civil-emite-comunicado-para-a-populacao-de-mallet-e-paulo-frontin-a-respeito-dos-ultimos-acontecimentos-relacionados-as-escolas","status":"publish","type":"post","link":"https:\/\/radiostudiow.com.br\/site\/2023\/04\/19\/policia-civil-emite-comunicado-para-a-populacao-de-mallet-e-paulo-frontin-a-respeito-dos-ultimos-acontecimentos-relacionados-as-escolas\/","title":{"rendered":"POL\u00cdCIA CIVIL EMITE COMUNICADO PARA A POPULA\u00c7\u00c3O DE MALLET E PAULO FRONTIN A RESPEITO DOS \u00daLTIMOS ACONTECIMENTOS RELACIONADOS \u00c0S ESCOLAS\u00a0"},"content":{"rendered":"\n<p><strong><em>A 10\u00aa Delegacia Regional de Pol\u00edcia de Mallet, atrav\u00e9s da Delegada de Pol\u00edcia Civil subscrevente, no uso de suas atribui\u00e7\u00f5es, emite o seguinte:<\/em><\/strong><\/p>\n\n\n\n<figure class=\"wp-block-image size-full\"><img decoding=\"async\" src=\"https:\/\/radiostudiow.com.br\/site\/wp-content\/uploads\/2023\/02\/image-20.png\" alt=\"\" class=\"wp-image-11402\"\/><\/figure>\n\n\n\n<h2 class=\"wp-block-heading\">COMUNICADO<\/h2>\n\n\n\n<p>Estamos atentos, enquanto for\u00e7a de seguran\u00e7a p\u00fablica, a todas as situa\u00e7\u00f5es<br>ocorridas neste m\u00eas de abril e j\u00e1 estamos tomando medidas que refor\u00e7am o compromisso com<br>o nosso trabalho, inclusive planejamento de opera\u00e7\u00f5es com efeito preventivo\/dissuas\u00f3rio.<\/p>\n\n\n\n<p>Ademais, n\u00e3o h\u00e1, de acordo com dilig\u00eancias investigativas realizadas, nenhum elemento m\u00ednimo de poss\u00edvel ocorr\u00eancia de ataque na cidade de Mallet &#8211; PR e Paulo Frontin &#8211; PR.<\/p>\n\n\n\n<p>Algumas mensagens que circulam nas redes sociais foram consideradas not\u00edcias falsas e os indiv\u00edduos que, eventualmente, tenham \u201ccriado\u201d tais not\u00edcias podem ser responsabilizados criminalmente. Portanto, n\u00e3o espalhem not\u00edcias falsas.<\/p>\n\n\n\n<p><strong>Todas as \u201cden\u00fancias\u201d devem ser levadas de maneira s\u00e9ria \u00e0s autoridades locais, sendo que podem ser realizadas atrav\u00e9s do n.\u00b0 181 ou diretamente no Whatsapp da Delegacia (42 3542-1249).<\/strong><\/p>\n\n\n\n<p>Ainda, cabe destacar que a seguran\u00e7a \u00e9 responsabilidade de todos e, assim sendo, a Pol\u00edcia Civil conta com a colabora\u00e7\u00e3o da popula\u00e7\u00e3o em rela\u00e7\u00e3o \u00e0s \u201cden\u00fancias\u201d, bem como que os pais\/m\u00e3es e respons\u00e1veis permane\u00e7am vigilantes sobre seus filhos(as), de modo que saibam o que acessam e com quem conversam, principalmente, no \u00e2mbito virtual.<\/p>\n\n\n\n<p>Cabe ressaltar, al\u00e9m disso, as orienta\u00e7\u00f5es da PCPR, as quais devem ser consideradas e j\u00e1 foram divulgadas nos canais oficiais para que toda a popula\u00e7\u00e3o possa ter acesso.<\/p>\n\n\n\n<p>Certa da colabora\u00e7\u00e3o de todos e refor\u00e7ando que a Pol\u00edcia Civil, atrav\u00e9s da 10\u00aa Delegacia Regional de Pol\u00edcia de Mallet, permanece cumprindo de maneira efetiva a miss\u00e3o de servir e proteger, encerro o presente comunicado.<\/p>\n\n\n\n<p><em>Respeitosamente, NATALIA PEREIRA NICHEL, Delegada de Pol\u00edcia Civil.<\/em><\/p>\n\n\n\n<figure class=\"wp-block-image size-full\"><img decoding=\"async\" src=\"https:\/\/radiostudiow.com.br\/site\/wp-content\/uploads\/2023\/02\/image-12.png\" alt=\"\" class=\"wp-image-11282\"\/><\/figure>\n\n\n\n<figure class=\"wp-block-image size-large\"><img loading=\"lazy\" decoding=\"async\" width=\"724\" height=\"1024\" src=\"https:\/\/radiostudiow.com.br\/site\/wp-content\/uploads\/2023\/04\/comunicado-abril-2023-10-drp_page-0001-724x1024.jpg\" alt=\"\" class=\"wp-image-12471\" srcset=\"https:\/\/radiostudiow.com.br\/site\/wp-content\/uploads\/2023\/04\/comunicado-abril-2023-10-drp_page-0001-724x1024.jpg 724w, https:\/\/radiostudiow.com.br\/site\/wp-content\/uploads\/2023\/04\/comunicado-abril-2023-10-drp_page-0001-212x300.jpg 212w, https:\/\/radiostudiow.com.br\/site\/wp-content\/uploads\/2023\/04\/comunicado-abril-2023-10-drp_page-0001-768x1087.jpg 768w, https:\/\/radiostudiow.com.br\/site\/wp-content\/uploads\/2023\/04\/comunicado-abril-2023-10-drp_page-0001-1085x1536.jpg 1085w, https:\/\/radiostudiow.com.br\/site\/wp-content\/uploads\/2023\/04\/comunicado-abril-2023-10-drp_page-0001.jpg 1240w\" sizes=\"auto, (max-width: 724px) 100vw, 724px\" \/><\/figure>\n","protected":false},"excerpt":{"rendered":"<p>A 10\u00aa Delegacia Regional de Pol\u00edcia de Mallet, atrav\u00e9s da Delegada de Pol\u00edcia Civil subscrevente, no uso de suas atribui\u00e7\u00f5es, emite o seguinte: COMUNICADO Estamos atentos, enquanto for\u00e7a de seguran\u00e7a p\u00fablica, a todas as situa\u00e7\u00f5esocorridas neste m\u00eas de abril e j\u00e1 estamos tomando medidas que refor\u00e7am o compromisso como nosso trabalho, inclusive planejamento de opera\u00e7\u00f5es [&hellip;]<\/p>\n","protected":false},"author":2,"featured_media":12482,"comment_status":"open","ping_status":"open","sticky":false,"template":"","format":"standard","meta":{"footnotes":""},"categories":[184,2],"tags":[172],"class_list":["post-12469","post","type-post","status-publish","format-standard","has-post-thumbnail","hentry","category-local","category-policial","tag-featured"],"amp_enabled":true,"_links":{"self":[{"href":"https:\/\/radiostudiow.com.br\/site\/wp-json\/wp\/v2\/posts\/12469","targetHints":{"allow":["GET"]}}],"collection":[{"href":"https:\/\/radiostudiow.com.br\/site\/wp-json\/wp\/v2\/posts"}],"about":[{"href":"https:\/\/radiostudiow.com.br\/site\/wp-json\/wp\/v2\/types\/post"}],"author":[{"embeddable":true,"href":"https:\/\/radiostudiow.com.br\/site\/wp-json\/wp\/v2\/users\/2"}],"replies":[{"embeddable":true,"href":"https:\/\/radiostudiow.com.br\/site\/wp-json\/wp\/v2\/comments?post=12469"}],"version-history":[{"count":2,"href":"https:\/\/radiostudiow.com.br\/site\/wp-json\/wp\/v2\/posts\/12469\/revisions"}],"predecessor-version":[{"id":12481,"href":"https:\/\/radiostudiow.com.br\/site\/wp-json\/wp\/v2\/posts\/12469\/revisions\/12481"}],"wp:featuredmedia":[{"embeddable":true,"href":"https:\/\/radiostudiow.com.br\/site\/wp-json\/wp\/v2\/media\/12482"}],"wp:attachment":[{"href":"https:\/\/radiostudiow.com.br\/site\/wp-json\/wp\/v2\/media?parent=12469"}],"wp:term":[{"taxonomy":"category","embeddable":true,"href":"https:\/\/radiostudiow.com.br\/site\/wp-json\/wp\/v2\/categories?post=12469"},{"taxonomy":"post_tag","embeddable":true,"href":"https:\/\/radiostudiow.com.br\/site\/wp-json\/wp\/v2\/tags?post=12469"}],"curies":[{"name":"wp","href":"https:\/\/api.w.org\/{rel}","templated":true}]}}