{"id":12487,"date":"2023-04-19T19:11:18","date_gmt":"2023-04-19T22:11:18","guid":{"rendered":"https:\/\/radiostudiow.com.br\/site\/?p=12487"},"modified":"2025-01-31T15:06:50","modified_gmt":"2025-01-31T18:06:50","slug":"homem-aciona-pm-de-sao-mateus-do-sul-apos-furtarem-do-seu-carro-um-celular-e-carteira","status":"publish","type":"post","link":"https:\/\/radiostudiow.com.br\/site\/2023\/04\/19\/homem-aciona-pm-de-sao-mateus-do-sul-apos-furtarem-do-seu-carro-um-celular-e-carteira\/","title":{"rendered":"HOMEM ACIONA PM DE S\u00c3O MATEUS DO SUL\u00a0AP\u00d3S FURTAREM DO SEU CARRO UM CELULAR E CARTEIRA"},"content":{"rendered":"\n<p><strong><em>V\u00edtima afirmou que estava cortando grama momento que viu um homem se aproximou de seu ve\u00edculo, s\u00f3 deu conta do furto ap\u00f3s o servi\u00e7o.<\/em><\/strong><\/p>\n\n\n\n<figure class=\"wp-block-image size-full\"><img decoding=\"async\" src=\"https:\/\/radiostudiow.com.br\/site\/wp-content\/uploads\/2023\/04\/image-12.png\" alt=\"\" class=\"wp-image-12488\"\/><\/figure>\n\n\n\n<p>A equipe da Pol\u00edcia Militar de S\u00e3o Mateus do Sul se&nbsp;deslocou at\u00e9 a Vila Boaski para verificar uma situa\u00e7\u00e3o de furto nessa ter\u00e7a-feira (18).<\/p>\n\n\n\n<p>No local foi entrado em contato com o solicitante, o qual informou que estava cortando grama por volta das 15:00 horas momento que um homem se aproximou de seu ve\u00edculo que estava aberto e estava seu celular e sua carteira.<\/p>\n\n\n\n<p>Diante do fato a equipe realizou patrulhamento nas imedia\u00e7\u00f5es para localizar o autor, por\u00e9m sem \u00eaxito, cabendo orienta\u00e7\u00f5es ao solicitante.&nbsp;<\/p>\n","protected":false},"excerpt":{"rendered":"<p>V\u00edtima afirmou que estava cortando grama momento que viu um homem se aproximou de seu ve\u00edculo, s\u00f3 deu conta do furto ap\u00f3s o servi\u00e7o. A equipe da Pol\u00edcia Militar de S\u00e3o Mateus do Sul se&nbsp;deslocou at\u00e9 a Vila Boaski para verificar uma situa\u00e7\u00e3o de furto nessa ter\u00e7a-feira (18). No local foi entrado em contato com [&hellip;]<\/p>\n","protected":false},"author":2,"featured_media":12261,"comment_status":"open","ping_status":"open","sticky":false,"template":"","format":"standard","meta":{"footnotes":""},"categories":[2],"tags":[172],"class_list":["post-12487","post","type-post","status-publish","format-standard","has-post-thumbnail","hentry","category-policial","tag-featured"],"amp_enabled":true,"_links":{"self":[{"href":"https:\/\/radiostudiow.com.br\/site\/wp-json\/wp\/v2\/posts\/12487","targetHints":{"allow":["GET"]}}],"collection":[{"href":"https:\/\/radiostudiow.com.br\/site\/wp-json\/wp\/v2\/posts"}],"about":[{"href":"https:\/\/radiostudiow.com.br\/site\/wp-json\/wp\/v2\/types\/post"}],"author":[{"embeddable":true,"href":"https:\/\/radiostudiow.com.br\/site\/wp-json\/wp\/v2\/users\/2"}],"replies":[{"embeddable":true,"href":"https:\/\/radiostudiow.com.br\/site\/wp-json\/wp\/v2\/comments?post=12487"}],"version-history":[{"count":1,"href":"https:\/\/radiostudiow.com.br\/site\/wp-json\/wp\/v2\/posts\/12487\/revisions"}],"predecessor-version":[{"id":12489,"href":"https:\/\/radiostudiow.com.br\/site\/wp-json\/wp\/v2\/posts\/12487\/revisions\/12489"}],"wp:featuredmedia":[{"embeddable":true,"href":"https:\/\/radiostudiow.com.br\/site\/wp-json\/wp\/v2\/media\/12261"}],"wp:attachment":[{"href":"https:\/\/radiostudiow.com.br\/site\/wp-json\/wp\/v2\/media?parent=12487"}],"wp:term":[{"taxonomy":"category","embeddable":true,"href":"https:\/\/radiostudiow.com.br\/site\/wp-json\/wp\/v2\/categories?post=12487"},{"taxonomy":"post_tag","embeddable":true,"href":"https:\/\/radiostudiow.com.br\/site\/wp-json\/wp\/v2\/tags?post=12487"}],"curies":[{"name":"wp","href":"https:\/\/api.w.org\/{rel}","templated":true}]}}