{"id":12514,"date":"2023-04-22T09:40:29","date_gmt":"2023-04-22T12:40:29","guid":{"rendered":"https:\/\/radiostudiow.com.br\/site\/?p=12514"},"modified":"2025-01-31T15:06:50","modified_gmt":"2025-01-31T18:06:50","slug":"abandono-de-cachorro-em-sao-mateus-do-sul-e-flagrado-por-cameras-de-seguranca","status":"publish","type":"post","link":"https:\/\/radiostudiow.com.br\/site\/2023\/04\/22\/abandono-de-cachorro-em-sao-mateus-do-sul-e-flagrado-por-cameras-de-seguranca\/","title":{"rendered":"ABANDONO DE CACHORRO EM\u00a0S\u00c3O MATEUS DO SUL \u00c9 FLAGRADO POR C\u00c2MERAS DE SEGURAN\u00c7A\u00a0"},"content":{"rendered":"\n<p><strong><em>Em contato com protetores de animais de S\u00e3o Mateus do Sul, eles informaram que at\u00e9 o momento o c\u00e3o que fazia uso de roupinha vermelha<\/em><\/strong> <strong><em>n\u00e3o foi encontrado.\u00a0<\/em><\/strong><\/p>\n\n\n\n<figure class=\"wp-block-image size-full\"><img decoding=\"async\" src=\"https:\/\/radiostudiow.com.br\/site\/wp-content\/uploads\/2023\/02\/image-20.png\" alt=\"\" class=\"wp-image-11402\"\/><\/figure>\n\n\n\n<p>Uma situa\u00e7\u00e3o de abandono de cachorro \u00e9 registrada pelas&nbsp;c\u00e2meras de monitoramento de um condom\u00ednio na \u00e1rea central&nbsp;de S\u00e3o Mateus do Sul registraram por volta das 08:52 horas&nbsp;de sexta-feira (21).&nbsp;<\/p>\n\n\n\n<p>Nas imagens \u00e9 poss\u00edvel identificar um ve\u00edculo escuro parando em frente ao condom\u00ednio, abrindo a porta e soltando o animal. Em seguida, o carro segue sentido Avenida e o c\u00e3o corre em dire\u00e7\u00e3o ao ve\u00edculo, que seguiu sem recolher o animal. O c\u00e3ozinho fazia uso de roupinha vermelha.&nbsp;<\/p>\n\n\n\n<p><strong><em>Em contato com protetores de animais de S\u00e3o Mateus do Sul, eles informaram que at\u00e9 o momento o c\u00e3o n\u00e3o foi encontrado.\u00a0<\/em><\/strong><\/p>\n\n\n\n<p><em>FONTE: <a href=\"https:\/\/portalrdx.com.br\/\" data-type=\"URL\" data-id=\"https:\/\/portalrdx.com.br\/\">Portal RDX<\/a><\/em><\/p>\n\n\n\n<figure class=\"wp-block-video\"><video controls src=\"https:\/\/portalrdx.com.br\/wp-content\/uploads\/2023\/04\/WhatsApp-Video-2023-04-21-at-18.24.52.mp4\"><\/video><\/figure>\n","protected":false},"excerpt":{"rendered":"<p>Em contato com protetores de animais de S\u00e3o Mateus do Sul, eles informaram que at\u00e9 o momento o c\u00e3o que fazia uso de roupinha vermelha n\u00e3o foi encontrado.\u00a0 Uma situa\u00e7\u00e3o de abandono de cachorro \u00e9 registrada pelas&nbsp;c\u00e2meras de monitoramento de um condom\u00ednio na \u00e1rea central&nbsp;de S\u00e3o Mateus do Sul registraram por volta das 08:52 horas&nbsp;de [&hellip;]<\/p>\n","protected":false},"author":2,"featured_media":12515,"comment_status":"open","ping_status":"open","sticky":false,"template":"","format":"standard","meta":{"footnotes":""},"categories":[2],"tags":[172],"class_list":["post-12514","post","type-post","status-publish","format-standard","has-post-thumbnail","hentry","category-policial","tag-featured"],"amp_enabled":true,"_links":{"self":[{"href":"https:\/\/radiostudiow.com.br\/site\/wp-json\/wp\/v2\/posts\/12514","targetHints":{"allow":["GET"]}}],"collection":[{"href":"https:\/\/radiostudiow.com.br\/site\/wp-json\/wp\/v2\/posts"}],"about":[{"href":"https:\/\/radiostudiow.com.br\/site\/wp-json\/wp\/v2\/types\/post"}],"author":[{"embeddable":true,"href":"https:\/\/radiostudiow.com.br\/site\/wp-json\/wp\/v2\/users\/2"}],"replies":[{"embeddable":true,"href":"https:\/\/radiostudiow.com.br\/site\/wp-json\/wp\/v2\/comments?post=12514"}],"version-history":[{"count":1,"href":"https:\/\/radiostudiow.com.br\/site\/wp-json\/wp\/v2\/posts\/12514\/revisions"}],"predecessor-version":[{"id":12516,"href":"https:\/\/radiostudiow.com.br\/site\/wp-json\/wp\/v2\/posts\/12514\/revisions\/12516"}],"wp:featuredmedia":[{"embeddable":true,"href":"https:\/\/radiostudiow.com.br\/site\/wp-json\/wp\/v2\/media\/12515"}],"wp:attachment":[{"href":"https:\/\/radiostudiow.com.br\/site\/wp-json\/wp\/v2\/media?parent=12514"}],"wp:term":[{"taxonomy":"category","embeddable":true,"href":"https:\/\/radiostudiow.com.br\/site\/wp-json\/wp\/v2\/categories?post=12514"},{"taxonomy":"post_tag","embeddable":true,"href":"https:\/\/radiostudiow.com.br\/site\/wp-json\/wp\/v2\/tags?post=12514"}],"curies":[{"name":"wp","href":"https:\/\/api.w.org\/{rel}","templated":true}]}}