{"id":12518,"date":"2023-04-22T11:37:11","date_gmt":"2023-04-22T14:37:11","guid":{"rendered":"https:\/\/radiostudiow.com.br\/site\/?p=12518"},"modified":"2025-01-31T15:06:50","modified_gmt":"2025-01-31T18:06:50","slug":"pm-de-mallet-prende-homem-com-mandado-judicial-em-aberto","status":"publish","type":"post","link":"https:\/\/radiostudiow.com.br\/site\/2023\/04\/22\/pm-de-mallet-prende-homem-com-mandado-judicial-em-aberto\/","title":{"rendered":"PM DE MALLET PRENDE HOMEM COM MANDADO JUDICIAL EM ABERTO"},"content":{"rendered":"\n<p><strong><em>A equipe policial realizava patrulhamento pela Vila Caroline momento que abordou o autor.<\/em><\/strong><\/p>\n\n\n\n<figure class=\"wp-block-image size-full\"><img decoding=\"async\" src=\"https:\/\/radiostudiow.com.br\/site\/wp-content\/uploads\/2023\/02\/image-12.png\" alt=\"\" class=\"wp-image-11282\"\/><\/figure>\n\n\n\n<p>A&nbsp;equipe da Pol\u00edcia Militar de Mallet realizou um Cumprimento de Mandado Judicial por volta das 18:00 horas dessa sexta-feira, 21 de abril, na Vila Caroline.&nbsp;<\/p>\n\n\n\n<p>De acordo com o relat\u00f3rio policial, a equipe realizava patrulhamento momento que abordou um homem, em revista pessoal&nbsp;nada de il\u00edcito foi encontrado com o mesmo, por\u00e9m, ao verificado no sistema que em desfavor do mesmo constava um mandado de pris\u00e3o por descumprimento de medida protetiva com validade at\u00e9 05\/04\/2026 (ou seja, poderia ser preso at\u00e9 esta data).&nbsp;<\/p>\n\n\n\n<p>Diante dos fatos o suspeito foi cientificado e dado voz de pris\u00e3o ao mesmo, posteriormente deslocado at\u00e9 o Depen de Uni\u00e3o da Vitoria para a entrega do preso.&nbsp;<\/p>\n","protected":false},"excerpt":{"rendered":"<p>A equipe policial realizava patrulhamento pela Vila Caroline momento que abordou o autor. A&nbsp;equipe da Pol\u00edcia Militar de Mallet realizou um Cumprimento de Mandado Judicial por volta das 18:00 horas dessa sexta-feira, 21 de abril, na Vila Caroline.&nbsp; De acordo com o relat\u00f3rio policial, a equipe realizava patrulhamento momento que abordou um homem, em revista [&hellip;]<\/p>\n","protected":false},"author":2,"featured_media":10642,"comment_status":"open","ping_status":"open","sticky":false,"template":"","format":"standard","meta":{"footnotes":""},"categories":[2],"tags":[172],"class_list":["post-12518","post","type-post","status-publish","format-standard","has-post-thumbnail","hentry","category-policial","tag-featured"],"amp_enabled":true,"_links":{"self":[{"href":"https:\/\/radiostudiow.com.br\/site\/wp-json\/wp\/v2\/posts\/12518","targetHints":{"allow":["GET"]}}],"collection":[{"href":"https:\/\/radiostudiow.com.br\/site\/wp-json\/wp\/v2\/posts"}],"about":[{"href":"https:\/\/radiostudiow.com.br\/site\/wp-json\/wp\/v2\/types\/post"}],"author":[{"embeddable":true,"href":"https:\/\/radiostudiow.com.br\/site\/wp-json\/wp\/v2\/users\/2"}],"replies":[{"embeddable":true,"href":"https:\/\/radiostudiow.com.br\/site\/wp-json\/wp\/v2\/comments?post=12518"}],"version-history":[{"count":1,"href":"https:\/\/radiostudiow.com.br\/site\/wp-json\/wp\/v2\/posts\/12518\/revisions"}],"predecessor-version":[{"id":12519,"href":"https:\/\/radiostudiow.com.br\/site\/wp-json\/wp\/v2\/posts\/12518\/revisions\/12519"}],"wp:featuredmedia":[{"embeddable":true,"href":"https:\/\/radiostudiow.com.br\/site\/wp-json\/wp\/v2\/media\/10642"}],"wp:attachment":[{"href":"https:\/\/radiostudiow.com.br\/site\/wp-json\/wp\/v2\/media?parent=12518"}],"wp:term":[{"taxonomy":"category","embeddable":true,"href":"https:\/\/radiostudiow.com.br\/site\/wp-json\/wp\/v2\/categories?post=12518"},{"taxonomy":"post_tag","embeddable":true,"href":"https:\/\/radiostudiow.com.br\/site\/wp-json\/wp\/v2\/tags?post=12518"}],"curies":[{"name":"wp","href":"https:\/\/api.w.org\/{rel}","templated":true}]}}