{"id":12521,"date":"2023-04-22T12:49:34","date_gmt":"2023-04-22T15:49:34","guid":{"rendered":"https:\/\/radiostudiow.com.br\/site\/?p=12521"},"modified":"2025-01-31T15:06:50","modified_gmt":"2025-01-31T18:06:50","slug":"pm-prende-homem-com-motocicleta-irregular-em-sao-mateus-do-sul","status":"publish","type":"post","link":"https:\/\/radiostudiow.com.br\/site\/2023\/04\/22\/pm-prende-homem-com-motocicleta-irregular-em-sao-mateus-do-sul\/","title":{"rendered":"PM PRENDE HOMEM COM MOTOCICLETA IRREGULAR EM S\u00c3O MATEUS DO SUL"},"content":{"rendered":"\n<p><strong><em>O condutor disse aos policiais que o ve\u00edculo era seu e estava levando a uma oficina para desmanchar e aproveitar as pe\u00e7as.\u00a0<\/em><\/strong><\/p>\n\n\n\n<figure class=\"wp-block-image size-large\"><img decoding=\"async\" src=\"https:\/\/radiostudiow.com.br\/site\/wp-content\/uploads\/2023\/03\/333961748_218140324032662_8763106638246866213_n-1024x452.png\" alt=\"\" class=\"wp-image-11670\"\/><\/figure>\n\n\n\n<p>Durante o patrulhamento da Pol\u00edcia Militar de S\u00e3o Mateus do Sul, foi avistado um ve\u00edculo Fiat\/Strada transitando com uma motocicleta sem placa no compartimento de carga por volta das 15:00 horas dessa sexta-feira (21).&nbsp;<\/p>\n\n\n\n<p>Realizada a abordagem, sendo o condutor identificado e em vistoria na motocicleta que estava na ca\u00e7amba, marca Honda, cor azul, foi constatado que o chassi estava suprimido, sem placa e com n\u00famero do motor ileg\u00edvel.&nbsp;<\/p>\n\n\n\n<p>Indagado o condutor sobre a proced\u00eancia da motocicleta, disse que era sua e que estava levando a uma oficina para desmanchar para aproveitamento das pe\u00e7as.&nbsp;<\/p>\n\n\n\n<p>Diante do fato foi dado voz de pris\u00e3o pelo crime de recepta\u00e7\u00e3o, informados os direitos constitucionais, e encaminhado \u00e0 delegacia 3 SDP para procedimentos de praxe.&nbsp;<\/p>\n","protected":false},"excerpt":{"rendered":"<p>O condutor disse aos policiais que o ve\u00edculo era seu e estava levando a uma oficina para desmanchar e aproveitar as pe\u00e7as.\u00a0 Durante o patrulhamento da Pol\u00edcia Militar de S\u00e3o Mateus do Sul, foi avistado um ve\u00edculo Fiat\/Strada transitando com uma motocicleta sem placa no compartimento de carga por volta das 15:00 horas dessa sexta-feira [&hellip;]<\/p>\n","protected":false},"author":2,"featured_media":0,"comment_status":"open","ping_status":"open","sticky":false,"template":"","format":"standard","meta":{"footnotes":""},"categories":[2],"tags":[172],"class_list":["post-12521","post","type-post","status-publish","format-standard","hentry","category-policial","tag-featured"],"amp_enabled":true,"_links":{"self":[{"href":"https:\/\/radiostudiow.com.br\/site\/wp-json\/wp\/v2\/posts\/12521","targetHints":{"allow":["GET"]}}],"collection":[{"href":"https:\/\/radiostudiow.com.br\/site\/wp-json\/wp\/v2\/posts"}],"about":[{"href":"https:\/\/radiostudiow.com.br\/site\/wp-json\/wp\/v2\/types\/post"}],"author":[{"embeddable":true,"href":"https:\/\/radiostudiow.com.br\/site\/wp-json\/wp\/v2\/users\/2"}],"replies":[{"embeddable":true,"href":"https:\/\/radiostudiow.com.br\/site\/wp-json\/wp\/v2\/comments?post=12521"}],"version-history":[{"count":1,"href":"https:\/\/radiostudiow.com.br\/site\/wp-json\/wp\/v2\/posts\/12521\/revisions"}],"predecessor-version":[{"id":12522,"href":"https:\/\/radiostudiow.com.br\/site\/wp-json\/wp\/v2\/posts\/12521\/revisions\/12522"}],"wp:attachment":[{"href":"https:\/\/radiostudiow.com.br\/site\/wp-json\/wp\/v2\/media?parent=12521"}],"wp:term":[{"taxonomy":"category","embeddable":true,"href":"https:\/\/radiostudiow.com.br\/site\/wp-json\/wp\/v2\/categories?post=12521"},{"taxonomy":"post_tag","embeddable":true,"href":"https:\/\/radiostudiow.com.br\/site\/wp-json\/wp\/v2\/tags?post=12521"}],"curies":[{"name":"wp","href":"https:\/\/api.w.org\/{rel}","templated":true}]}}