{"id":12532,"date":"2023-04-24T20:38:39","date_gmt":"2023-04-24T23:38:39","guid":{"rendered":"https:\/\/radiostudiow.com.br\/site\/?p=12532"},"modified":"2025-01-31T15:06:50","modified_gmt":"2025-01-31T18:06:50","slug":"pm-de-paula-freitas-registra-furto-em-escola-e-capela","status":"publish","type":"post","link":"https:\/\/radiostudiow.com.br\/site\/2023\/04\/24\/pm-de-paula-freitas-registra-furto-em-escola-e-capela\/","title":{"rendered":"PM DE PAULA FREITAS REGISTRA FURTO EM ESCOLA E CAPELA"},"content":{"rendered":"\n<p><strong><em>Foi furtado 01 notebook, 02 Caixa de som, 01 TV 32 polegadas, v\u00e1rios quilos de carnes, alimentos, 100 metros de fia\u00e7\u00e3o de energia, al\u00e9m de danos nos locais.<\/em><\/strong><\/p>\n\n\n\n<figure class=\"wp-block-image size-full\"><img decoding=\"async\" src=\"https:\/\/radiostudiow.com.br\/site\/wp-content\/uploads\/2023\/02\/image-21.png\" alt=\"\" class=\"wp-image-11405\"\/><\/figure>\n\n\n\n<p>Diretora de uma escola na localidade da Ronda Jararaca do munic\u00edpio de Paula Freitas acionou a equipe da Pol\u00edcia Militar ap\u00f3s constatar uma situa\u00e7\u00e3o de furto na institui\u00e7\u00e3o por volta das 14:00 horas desse s\u00e1bado (23).<\/p>\n\n\n\n<p>A solicitante relatou aos policiais que as portas da escola estavam arrombadas e do local foi levada 01 (um) notebook da marca Samsung, 01 (uma) WAP caixa de som, 01 (uma) TV 32 polegadas e v\u00e1rios quilos de carnes e alimentos.<\/p>\n\n\n\n<p>Todos os arm\u00e1rios foram reviraram e causaram danos na fia\u00e7\u00e3o el\u00e9trica e c\u00e2meras de monitorado, e que tamb\u00e9m entraram na capela que fica ao lado da escola onde furtaram cerca de 100 metros de cabos de energia do barrac\u00e3o e furtaram uma caixa de som al\u00e9m de danos nos vidros da capela.<\/p>\n\n\n\n<p>A solicitante iria ver se consegue as imagens dos autores para representa\u00e7\u00e3o junto aos \u00f3rg\u00e3os competentes. Diante da situa\u00e7\u00e3o os policiais orientaram a solicitante quanto aos procedimentos cab\u00edveis.<\/p>\n","protected":false},"excerpt":{"rendered":"<p>Foi furtado 01 notebook, 02 Caixa de som, 01 TV 32 polegadas, v\u00e1rios quilos de carnes, alimentos, 100 metros de fia\u00e7\u00e3o de energia, al\u00e9m de danos nos locais. Diretora de uma escola na localidade da Ronda Jararaca do munic\u00edpio de Paula Freitas acionou a equipe da Pol\u00edcia Militar ap\u00f3s constatar uma situa\u00e7\u00e3o de furto na [&hellip;]<\/p>\n","protected":false},"author":2,"featured_media":9634,"comment_status":"open","ping_status":"open","sticky":false,"template":"","format":"standard","meta":{"footnotes":""},"categories":[2],"tags":[172],"class_list":["post-12532","post","type-post","status-publish","format-standard","has-post-thumbnail","hentry","category-policial","tag-featured"],"amp_enabled":true,"_links":{"self":[{"href":"https:\/\/radiostudiow.com.br\/site\/wp-json\/wp\/v2\/posts\/12532","targetHints":{"allow":["GET"]}}],"collection":[{"href":"https:\/\/radiostudiow.com.br\/site\/wp-json\/wp\/v2\/posts"}],"about":[{"href":"https:\/\/radiostudiow.com.br\/site\/wp-json\/wp\/v2\/types\/post"}],"author":[{"embeddable":true,"href":"https:\/\/radiostudiow.com.br\/site\/wp-json\/wp\/v2\/users\/2"}],"replies":[{"embeddable":true,"href":"https:\/\/radiostudiow.com.br\/site\/wp-json\/wp\/v2\/comments?post=12532"}],"version-history":[{"count":2,"href":"https:\/\/radiostudiow.com.br\/site\/wp-json\/wp\/v2\/posts\/12532\/revisions"}],"predecessor-version":[{"id":12540,"href":"https:\/\/radiostudiow.com.br\/site\/wp-json\/wp\/v2\/posts\/12532\/revisions\/12540"}],"wp:featuredmedia":[{"embeddable":true,"href":"https:\/\/radiostudiow.com.br\/site\/wp-json\/wp\/v2\/media\/9634"}],"wp:attachment":[{"href":"https:\/\/radiostudiow.com.br\/site\/wp-json\/wp\/v2\/media?parent=12532"}],"wp:term":[{"taxonomy":"category","embeddable":true,"href":"https:\/\/radiostudiow.com.br\/site\/wp-json\/wp\/v2\/categories?post=12532"},{"taxonomy":"post_tag","embeddable":true,"href":"https:\/\/radiostudiow.com.br\/site\/wp-json\/wp\/v2\/tags?post=12532"}],"curies":[{"name":"wp","href":"https:\/\/api.w.org\/{rel}","templated":true}]}}