{"id":12541,"date":"2023-04-24T20:53:23","date_gmt":"2023-04-24T23:53:23","guid":{"rendered":"https:\/\/radiostudiow.com.br\/site\/?p=12541"},"modified":"2025-01-31T15:06:50","modified_gmt":"2025-01-31T18:06:50","slug":"pm-de-cruz-machado-apreende-homem-com-droga","status":"publish","type":"post","link":"https:\/\/radiostudiow.com.br\/site\/2023\/04\/24\/pm-de-cruz-machado-apreende-homem-com-droga\/","title":{"rendered":"PM DE CRUZ MACHADO APREENDE HOMEM COM DROGA"},"content":{"rendered":"\n<figure class=\"wp-block-image size-full\"><img decoding=\"async\" src=\"https:\/\/radiostudiow.com.br\/site\/wp-content\/uploads\/2023\/02\/image-12.png\" alt=\"\" class=\"wp-image-11282\"\/><\/figure>\n\n\n\n<p>Durante o patrulhamento da equipe da Pol\u00edcia Militar de Cruz Machado na \u00e1rea central da cidade por volta das 20:00 horas dessa s\u00e1bado, 22 de abril, avistou dois homens que demonstraram nervosismo ao avistar a viatura. <\/p>\n\n\n\n<p>Diante da situa\u00e7\u00e3o, gerou suspeita e foi procedida a abordagem policial e durante a busca pessoal foi localizado um inv\u00f3lucro pl\u00e1stico com subst\u00e2ncia an\u00e1loga a coca\u00edna em um dos abordados.<\/p>\n\n\n\n<p>Ao homem foi cientificado de seus direitos e conduzido no cambur\u00e3o sem uso de algemas ao Pelot\u00e3o da Pol\u00edcia Militar para confec\u00e7\u00e3o do termo circunstanciado.<\/p>\n","protected":false},"excerpt":{"rendered":"<p>Durante o patrulhamento da equipe da Pol\u00edcia Militar de Cruz Machado na \u00e1rea central da cidade por volta das 20:00 horas dessa s\u00e1bado, 22 de abril, avistou dois homens que demonstraram nervosismo ao avistar a viatura. Diante da situa\u00e7\u00e3o, gerou suspeita e foi procedida a abordagem policial e durante a busca pessoal foi localizado um [&hellip;]<\/p>\n","protected":false},"author":2,"featured_media":10652,"comment_status":"open","ping_status":"open","sticky":false,"template":"","format":"standard","meta":{"footnotes":""},"categories":[2],"tags":[172],"class_list":["post-12541","post","type-post","status-publish","format-standard","has-post-thumbnail","hentry","category-policial","tag-featured"],"amp_enabled":true,"_links":{"self":[{"href":"https:\/\/radiostudiow.com.br\/site\/wp-json\/wp\/v2\/posts\/12541","targetHints":{"allow":["GET"]}}],"collection":[{"href":"https:\/\/radiostudiow.com.br\/site\/wp-json\/wp\/v2\/posts"}],"about":[{"href":"https:\/\/radiostudiow.com.br\/site\/wp-json\/wp\/v2\/types\/post"}],"author":[{"embeddable":true,"href":"https:\/\/radiostudiow.com.br\/site\/wp-json\/wp\/v2\/users\/2"}],"replies":[{"embeddable":true,"href":"https:\/\/radiostudiow.com.br\/site\/wp-json\/wp\/v2\/comments?post=12541"}],"version-history":[{"count":1,"href":"https:\/\/radiostudiow.com.br\/site\/wp-json\/wp\/v2\/posts\/12541\/revisions"}],"predecessor-version":[{"id":12542,"href":"https:\/\/radiostudiow.com.br\/site\/wp-json\/wp\/v2\/posts\/12541\/revisions\/12542"}],"wp:featuredmedia":[{"embeddable":true,"href":"https:\/\/radiostudiow.com.br\/site\/wp-json\/wp\/v2\/media\/10652"}],"wp:attachment":[{"href":"https:\/\/radiostudiow.com.br\/site\/wp-json\/wp\/v2\/media?parent=12541"}],"wp:term":[{"taxonomy":"category","embeddable":true,"href":"https:\/\/radiostudiow.com.br\/site\/wp-json\/wp\/v2\/categories?post=12541"},{"taxonomy":"post_tag","embeddable":true,"href":"https:\/\/radiostudiow.com.br\/site\/wp-json\/wp\/v2\/tags?post=12541"}],"curies":[{"name":"wp","href":"https:\/\/api.w.org\/{rel}","templated":true}]}}