{"id":12547,"date":"2023-04-25T10:52:01","date_gmt":"2023-04-25T13:52:01","guid":{"rendered":"https:\/\/radiostudiow.com.br\/site\/?p=12547"},"modified":"2025-01-31T15:06:50","modified_gmt":"2025-01-31T18:06:50","slug":"colisao-entre-montana-e-motocicleta-e-registrado-no-centro-de-mallet","status":"publish","type":"post","link":"https:\/\/radiostudiow.com.br\/site\/2023\/04\/25\/colisao-entre-montana-e-motocicleta-e-registrado-no-centro-de-mallet\/","title":{"rendered":"COLIS\u00c3O ENTRE MONTANA E MOTOCICLETA \u00c9 REGISTRADO NO CENTRO DE MALLET"},"content":{"rendered":"\n<p><em><strong>Moradores das ruas Jo\u00e3o Gualberto e Munhoz de Carvalho&nbsp;informaram que os&nbsp;acidentes acontecem&nbsp;semanalmente no local.<\/strong><\/em><\/p>\n\n\n\n<figure class=\"wp-block-image size-full\"><img decoding=\"async\" src=\"https:\/\/radiostudiow.com.br\/site\/wp-content\/uploads\/2023\/02\/image-12.png\" alt=\"\" class=\"wp-image-11282\"\/><\/figure>\n\n\n\n<p>A equipe da Pol\u00edcia Militar de Mallet foi acionada por volta das 13:00 horas dessa segunda-feira, 24 de abril, para atender um acidente de tr\u00e2nsito do tipo Abalroamento lateral entre uma Montana e uma motocicleta.&nbsp;<\/p>\n\n\n\n<p>De acordo com o relat\u00f3rio policial,&nbsp;os ve\u00edculos transitavam pela rua Jo\u00e3o Gualberto em sentidos opostos, momento que o ve\u00edculo Montana&nbsp;ao tentar fazer uma convers\u00e3o para rua Munhoz de Carvalho acabou colidindo&nbsp;lateralmente com a motocicleta Honda.<\/p>\n\n\n\n<p>O condutor da motocicleta foi conduzido ao Hospital de Caridade S\u00e3o Pedro com princ\u00edpio de&nbsp;fratura em um&nbsp;bra\u00e7o.&nbsp;<em>Abaixo voc\u00ea confere imagens de c\u00e2meras de seguran\u00e7a pr\u00f3ximas ao local.<\/em><\/p>\n\n\n\n<figure class=\"wp-block-image size-full\"><img decoding=\"async\" src=\"https:\/\/radiostudiow.com.br\/site\/wp-content\/uploads\/2023\/02\/image-20.png\" alt=\"\" class=\"wp-image-11402\"\/><\/figure>\n\n\n\n<p><em>Moradores das ruas Jo\u00e3o Gualberto e Munhoz de Carvalho&nbsp;informaram que os&nbsp;acidentes acontecem&nbsp;semanalmente no local. Por preven\u00e7\u00e3o da popula\u00e7\u00e3o e&nbsp;por se tratar de per\u00edmetro escolar&nbsp;pedem melhorias na sinaliza\u00e7\u00e3o,&nbsp;uma forma para reduzirem a velocidade dos ve\u00edculos.&nbsp;<\/em><\/p>\n\n\n\n<figure class=\"wp-block-gallery has-nested-images columns-default is-cropped wp-block-gallery-1 is-layout-flex wp-block-gallery-is-layout-flex\">\n<figure class=\"wp-block-image size-large\"><img loading=\"lazy\" decoding=\"async\" width=\"576\" height=\"1024\" data-id=\"12550\" src=\"https:\/\/radiostudiow.com.br\/site\/wp-content\/uploads\/2023\/04\/1f9ca0d4-51d6-42d3-aae9-025d2b723da2-576x1024.jpg\" alt=\"\" class=\"wp-image-12550\" srcset=\"https:\/\/radiostudiow.com.br\/site\/wp-content\/uploads\/2023\/04\/1f9ca0d4-51d6-42d3-aae9-025d2b723da2-576x1024.jpg 576w, https:\/\/radiostudiow.com.br\/site\/wp-content\/uploads\/2023\/04\/1f9ca0d4-51d6-42d3-aae9-025d2b723da2-169x300.jpg 169w, https:\/\/radiostudiow.com.br\/site\/wp-content\/uploads\/2023\/04\/1f9ca0d4-51d6-42d3-aae9-025d2b723da2.jpg 720w\" sizes=\"auto, (max-width: 576px) 100vw, 576px\" \/><figcaption class=\"wp-element-caption\"><em>Foto\/Imagem: Studio W<\/em><\/figcaption><\/figure>\n\n\n\n<figure class=\"wp-block-image size-large\"><img loading=\"lazy\" decoding=\"async\" width=\"576\" height=\"1024\" data-id=\"12551\" src=\"https:\/\/radiostudiow.com.br\/site\/wp-content\/uploads\/2023\/04\/bb3bf059-b674-410f-8d64-c3988b23ca68-576x1024.jpg\" alt=\"\" class=\"wp-image-12551\" srcset=\"https:\/\/radiostudiow.com.br\/site\/wp-content\/uploads\/2023\/04\/bb3bf059-b674-410f-8d64-c3988b23ca68-576x1024.jpg 576w, https:\/\/radiostudiow.com.br\/site\/wp-content\/uploads\/2023\/04\/bb3bf059-b674-410f-8d64-c3988b23ca68-169x300.jpg 169w, https:\/\/radiostudiow.com.br\/site\/wp-content\/uploads\/2023\/04\/bb3bf059-b674-410f-8d64-c3988b23ca68.jpg 720w\" sizes=\"auto, (max-width: 576px) 100vw, 576px\" \/><figcaption class=\"wp-element-caption\"><em>Foto\/Imagem: Studio W<\/em><\/figcaption><\/figure>\n<\/figure>\n\n\n\n<figure class=\"wp-block-image size-large is-resized\"><img loading=\"lazy\" decoding=\"async\" src=\"https:\/\/radiostudiow.com.br\/site\/wp-content\/uploads\/2023\/03\/333961748_218140324032662_8763106638246866213_n-1024x452.png\" alt=\"\" class=\"wp-image-11670\" width=\"740\" height=\"326\"\/><\/figure>\n\n\n\n<figure class=\"wp-block-video\"><video height=\"720\" style=\"aspect-ratio: 1280 \/ 720;\" width=\"1280\" controls src=\"https:\/\/radiostudiow.com.br\/site\/wp-content\/uploads\/2023\/04\/Untitled-2.mp4\"><\/video><figcaption class=\"wp-element-caption\"><em>V\u00cdDEO\/FILMAGEM: DIVULGA\u00c7\u00c3O<\/em><\/figcaption><\/figure>\n","protected":false},"excerpt":{"rendered":"<p>Moradores das ruas Jo\u00e3o Gualberto e Munhoz de Carvalho&nbsp;informaram que os&nbsp;acidentes acontecem&nbsp;semanalmente no local. A equipe da Pol\u00edcia Militar de Mallet foi acionada por volta das 13:00 horas dessa segunda-feira, 24 de abril, para atender um acidente de tr\u00e2nsito do tipo Abalroamento lateral entre uma Montana e uma motocicleta.&nbsp; De acordo com o relat\u00f3rio policial,&nbsp;os [&hellip;]<\/p>\n","protected":false},"author":2,"featured_media":12549,"comment_status":"open","ping_status":"open","sticky":false,"template":"","format":"standard","meta":{"footnotes":""},"categories":[2],"tags":[172],"class_list":["post-12547","post","type-post","status-publish","format-standard","has-post-thumbnail","hentry","category-policial","tag-featured"],"amp_enabled":true,"_links":{"self":[{"href":"https:\/\/radiostudiow.com.br\/site\/wp-json\/wp\/v2\/posts\/12547","targetHints":{"allow":["GET"]}}],"collection":[{"href":"https:\/\/radiostudiow.com.br\/site\/wp-json\/wp\/v2\/posts"}],"about":[{"href":"https:\/\/radiostudiow.com.br\/site\/wp-json\/wp\/v2\/types\/post"}],"author":[{"embeddable":true,"href":"https:\/\/radiostudiow.com.br\/site\/wp-json\/wp\/v2\/users\/2"}],"replies":[{"embeddable":true,"href":"https:\/\/radiostudiow.com.br\/site\/wp-json\/wp\/v2\/comments?post=12547"}],"version-history":[{"count":7,"href":"https:\/\/radiostudiow.com.br\/site\/wp-json\/wp\/v2\/posts\/12547\/revisions"}],"predecessor-version":[{"id":12562,"href":"https:\/\/radiostudiow.com.br\/site\/wp-json\/wp\/v2\/posts\/12547\/revisions\/12562"}],"wp:featuredmedia":[{"embeddable":true,"href":"https:\/\/radiostudiow.com.br\/site\/wp-json\/wp\/v2\/media\/12549"}],"wp:attachment":[{"href":"https:\/\/radiostudiow.com.br\/site\/wp-json\/wp\/v2\/media?parent=12547"}],"wp:term":[{"taxonomy":"category","embeddable":true,"href":"https:\/\/radiostudiow.com.br\/site\/wp-json\/wp\/v2\/categories?post=12547"},{"taxonomy":"post_tag","embeddable":true,"href":"https:\/\/radiostudiow.com.br\/site\/wp-json\/wp\/v2\/tags?post=12547"}],"curies":[{"name":"wp","href":"https:\/\/api.w.org\/{rel}","templated":true}]}}