{"id":12563,"date":"2023-04-25T11:38:28","date_gmt":"2023-04-25T14:38:28","guid":{"rendered":"https:\/\/radiostudiow.com.br\/site\/?p=12563"},"modified":"2025-01-31T15:06:50","modified_gmt":"2025-01-31T18:06:50","slug":"mulher-aciona-pm-de-paulo-frontin-apos-ser-agredida-pela-ex-marido","status":"publish","type":"post","link":"https:\/\/radiostudiow.com.br\/site\/2023\/04\/25\/mulher-aciona-pm-de-paulo-frontin-apos-ser-agredida-pela-ex-marido\/","title":{"rendered":"MULHER ACIONA PM DE PAULO FRONTIN AP\u00d3S SER AGREDIDA PELA EX-MARIDO"},"content":{"rendered":"\n<p><strong><em>A\u00a0v\u00edtima relatou aos policiais que o autor faz amea\u00e7as contra ela constantemente e tem medida protetiva contra seu ex-marido.<\/em><\/strong><\/p>\n\n\n\n<figure class=\"wp-block-image size-full\"><img decoding=\"async\" src=\"https:\/\/radiostudiow.com.br\/site\/wp-content\/uploads\/2023\/04\/image-12.png\" alt=\"\" class=\"wp-image-12488\"\/><\/figure>\n\n\n\n<p>A equipe da Pol\u00edcia Militar de Paulo Frontin registrou uma situa\u00e7\u00e3o de viol\u00eancia dom\u00e9stica e les\u00e3o corporal na localidade de S\u00e3o Francisco por volta das 20:00 horas dessa segunda-feira (24).&nbsp;<\/p>\n\n\n\n<p>Uma mulher passou a&nbsp;relatar para a&nbsp;equipe policial que seu ex-marido lhe agrediu com socos, chutes e a derrubou no ch\u00e3o e logo em seguida tamb\u00e9m agrediu sua m\u00e3e.&nbsp;<\/p>\n\n\n\n<p>Os policiais se deslocaram at\u00e9 a&nbsp;resid\u00eancia do autor, momento que visualizaram o homem se evadindo para uma \u00e1rea de mata. Feito patrulhamento sem lograr \u00eaxito em localizar o indiv\u00edduo.&nbsp;<\/p>\n\n\n\n<p>A&nbsp;v\u00edtima relatou ainda que o autor faz amea\u00e7as a mesma constantemente, que j\u00e1 tem medida protetiva e teme por sua vida. Diante da situa\u00e7\u00e3o a solicitante foi orientada pela equipe policial quanto aos procedimentos cab\u00edveis.&nbsp;<\/p>\n","protected":false},"excerpt":{"rendered":"<p>A\u00a0v\u00edtima relatou aos policiais que o autor faz amea\u00e7as contra ela constantemente e tem medida protetiva contra seu ex-marido. A equipe da Pol\u00edcia Militar de Paulo Frontin registrou uma situa\u00e7\u00e3o de viol\u00eancia dom\u00e9stica e les\u00e3o corporal na localidade de S\u00e3o Francisco por volta das 20:00 horas dessa segunda-feira (24).&nbsp; Uma mulher passou a&nbsp;relatar para a&nbsp;equipe [&hellip;]<\/p>\n","protected":false},"author":2,"featured_media":0,"comment_status":"open","ping_status":"open","sticky":false,"template":"","format":"standard","meta":{"footnotes":""},"categories":[2],"tags":[172],"class_list":["post-12563","post","type-post","status-publish","format-standard","hentry","category-policial","tag-featured"],"amp_enabled":true,"_links":{"self":[{"href":"https:\/\/radiostudiow.com.br\/site\/wp-json\/wp\/v2\/posts\/12563","targetHints":{"allow":["GET"]}}],"collection":[{"href":"https:\/\/radiostudiow.com.br\/site\/wp-json\/wp\/v2\/posts"}],"about":[{"href":"https:\/\/radiostudiow.com.br\/site\/wp-json\/wp\/v2\/types\/post"}],"author":[{"embeddable":true,"href":"https:\/\/radiostudiow.com.br\/site\/wp-json\/wp\/v2\/users\/2"}],"replies":[{"embeddable":true,"href":"https:\/\/radiostudiow.com.br\/site\/wp-json\/wp\/v2\/comments?post=12563"}],"version-history":[{"count":1,"href":"https:\/\/radiostudiow.com.br\/site\/wp-json\/wp\/v2\/posts\/12563\/revisions"}],"predecessor-version":[{"id":12564,"href":"https:\/\/radiostudiow.com.br\/site\/wp-json\/wp\/v2\/posts\/12563\/revisions\/12564"}],"wp:attachment":[{"href":"https:\/\/radiostudiow.com.br\/site\/wp-json\/wp\/v2\/media?parent=12563"}],"wp:term":[{"taxonomy":"category","embeddable":true,"href":"https:\/\/radiostudiow.com.br\/site\/wp-json\/wp\/v2\/categories?post=12563"},{"taxonomy":"post_tag","embeddable":true,"href":"https:\/\/radiostudiow.com.br\/site\/wp-json\/wp\/v2\/tags?post=12563"}],"curies":[{"name":"wp","href":"https:\/\/api.w.org\/{rel}","templated":true}]}}