{"id":12574,"date":"2023-04-26T10:43:39","date_gmt":"2023-04-26T13:43:39","guid":{"rendered":"https:\/\/radiostudiow.com.br\/site\/?p=12574"},"modified":"2025-01-31T15:06:50","modified_gmt":"2025-01-31T18:06:50","slug":"idoso-e-encontrado-morto-em-mafra","status":"publish","type":"post","link":"https:\/\/radiostudiow.com.br\/site\/2023\/04\/26\/idoso-e-encontrado-morto-em-mafra\/","title":{"rendered":"IDOSO\u00a0\u00c9 ENCONTRADO MORTO EM MAFRA\u00a0"},"content":{"rendered":"\n<p><strong><em>O\u00a0filho da v\u00edtima afirmou\u00a0que o pai teria sa\u00eddo de casa para cortar o cabelo, por\u00e9m, ele n\u00e3o chegou a ir at\u00e9 o local.<\/em><\/strong><\/p>\n\n\n\n<figure class=\"wp-block-image size-full\"><img decoding=\"async\" src=\"https:\/\/radiostudiow.com.br\/site\/wp-content\/uploads\/2023\/02\/image-20.png\" alt=\"\" class=\"wp-image-11402\"\/><\/figure>\n\n\n\n<p>O senhor Edegar Somer, 79 anos, estava desaparecido desde a manh\u00e3 desta segunda-feira, 24 de abril, em Mafra. O\u00a0filho da v\u00edtima afirmou\u00a0que o pai teria sa\u00eddo de casa para cortar o cabelo, por\u00e9m, ele n\u00e3o chegou a ir at\u00e9 o local.\u00a0<\/p>\n\n\n\n<p>Moradores do bairro Jardim Am\u00e9rica onde a v\u00edtima residia encontraram o corpo na beira do rio Negro em uma fazenda, pr\u00f3ximo do seu ve\u00edculo durante a tarde desta ter\u00e7a-feira (25), e acionaram a Pol\u00edcia.&nbsp;<\/p>\n\n\n\n<p>O Instituto M\u00e9dico Legal (IML) foi acionado para recolher o corpo do idoso. Segundo a Pol\u00edcia Civil, um inqu\u00e9rito deve ser aberto para apurar a causa da morte.&nbsp;<\/p>\n\n\n\n<p><strong><em>Amigos e familiares fizeram uma mobiliza\u00e7\u00e3o nas redes sociais na inten\u00e7\u00e3o de encontr\u00e1-lo e um boletim de ocorr\u00eancia foi registrado.<\/em><\/strong><\/p>\n\n\n\n<figure class=\"wp-block-image size-full\"><img decoding=\"async\" src=\"https:\/\/radiostudiow.com.br\/site\/wp-content\/uploads\/2023\/02\/image-21.png\" alt=\"\" class=\"wp-image-11405\"\/><\/figure>\n\n\n\n<figure class=\"wp-block-image size-full\"><img loading=\"lazy\" decoding=\"async\" width=\"575\" height=\"1024\" src=\"https:\/\/radiostudiow.com.br\/site\/wp-content\/uploads\/2023\/04\/image-16.png\" alt=\"\" class=\"wp-image-12576\" srcset=\"https:\/\/radiostudiow.com.br\/site\/wp-content\/uploads\/2023\/04\/image-16.png 575w, https:\/\/radiostudiow.com.br\/site\/wp-content\/uploads\/2023\/04\/image-16-168x300.png 168w\" sizes=\"auto, (max-width: 575px) 100vw, 575px\" \/><\/figure>\n","protected":false},"excerpt":{"rendered":"<p>O\u00a0filho da v\u00edtima afirmou\u00a0que o pai teria sa\u00eddo de casa para cortar o cabelo, por\u00e9m, ele n\u00e3o chegou a ir at\u00e9 o local. O senhor Edegar Somer, 79 anos, estava desaparecido desde a manh\u00e3 desta segunda-feira, 24 de abril, em Mafra. O\u00a0filho da v\u00edtima afirmou\u00a0que o pai teria sa\u00eddo de casa para cortar o cabelo, [&hellip;]<\/p>\n","protected":false},"author":2,"featured_media":12575,"comment_status":"open","ping_status":"open","sticky":false,"template":"","format":"standard","meta":{"footnotes":""},"categories":[2],"tags":[172],"class_list":["post-12574","post","type-post","status-publish","format-standard","has-post-thumbnail","hentry","category-policial","tag-featured"],"amp_enabled":true,"_links":{"self":[{"href":"https:\/\/radiostudiow.com.br\/site\/wp-json\/wp\/v2\/posts\/12574","targetHints":{"allow":["GET"]}}],"collection":[{"href":"https:\/\/radiostudiow.com.br\/site\/wp-json\/wp\/v2\/posts"}],"about":[{"href":"https:\/\/radiostudiow.com.br\/site\/wp-json\/wp\/v2\/types\/post"}],"author":[{"embeddable":true,"href":"https:\/\/radiostudiow.com.br\/site\/wp-json\/wp\/v2\/users\/2"}],"replies":[{"embeddable":true,"href":"https:\/\/radiostudiow.com.br\/site\/wp-json\/wp\/v2\/comments?post=12574"}],"version-history":[{"count":1,"href":"https:\/\/radiostudiow.com.br\/site\/wp-json\/wp\/v2\/posts\/12574\/revisions"}],"predecessor-version":[{"id":12577,"href":"https:\/\/radiostudiow.com.br\/site\/wp-json\/wp\/v2\/posts\/12574\/revisions\/12577"}],"wp:featuredmedia":[{"embeddable":true,"href":"https:\/\/radiostudiow.com.br\/site\/wp-json\/wp\/v2\/media\/12575"}],"wp:attachment":[{"href":"https:\/\/radiostudiow.com.br\/site\/wp-json\/wp\/v2\/media?parent=12574"}],"wp:term":[{"taxonomy":"category","embeddable":true,"href":"https:\/\/radiostudiow.com.br\/site\/wp-json\/wp\/v2\/categories?post=12574"},{"taxonomy":"post_tag","embeddable":true,"href":"https:\/\/radiostudiow.com.br\/site\/wp-json\/wp\/v2\/tags?post=12574"}],"curies":[{"name":"wp","href":"https:\/\/api.w.org\/{rel}","templated":true}]}}