{"id":12578,"date":"2023-04-26T12:40:02","date_gmt":"2023-04-26T15:40:02","guid":{"rendered":"https:\/\/radiostudiow.com.br\/site\/?p=12578"},"modified":"2025-01-31T15:06:50","modified_gmt":"2025-01-31T18:06:50","slug":"homem-e-preso-por-trafico-de-drogas-em-mallet-2","status":"publish","type":"post","link":"https:\/\/radiostudiow.com.br\/site\/2023\/04\/26\/homem-e-preso-por-trafico-de-drogas-em-mallet-2\/","title":{"rendered":"HOMEM \u00c9 PRESO POR TR\u00c1FICO DE DROGAS EM MALLET"},"content":{"rendered":"\n<p><strong><em>O autor relatou aos policiais que pegou a droga em Rio Azul e iria entregar na Vila Jardim Em\u00edlia em Mallet.<\/em><\/strong><\/p>\n\n\n\n<figure class=\"wp-block-image size-full\"><img decoding=\"async\" src=\"https:\/\/radiostudiow.com.br\/site\/wp-content\/uploads\/2023\/02\/image-12.png\" alt=\"\" class=\"wp-image-11282\"\/><\/figure>\n\n\n\n<p>A equipe da Pol\u00edcia Militar de Mallet estava em patrulhamento pela Vila Lopacinski nas proximidades da BR-153 momento que visualizou um Gol Vermelho conduzido por um homem&nbsp;j\u00e1 conhecido das equipes policiais por porte e tr\u00e1fico de drogas por volta das 10:25 horas dessa ter\u00e7a-feira (25).&nbsp;<\/p>\n\n\n\n<p>Diante das circunst\u00e2ncias a equipe policial realizou a abordagem do mesmo em busca pessoal nada de il\u00edcito foi encontrado feito ent\u00e3o buscas o ve\u00edculo onde foi localizado dois inv\u00f3lucros de subst\u00e2ncia entorpecente um pacote com subst\u00e2ncia an\u00e1loga a coca\u00edna e um pacote com algumas pedras de subst\u00e2ncia an\u00e1loga a crack.&nbsp;<\/p>\n\n\n\n<p>Os policiais perguntaram ao suspeito sobre a situa\u00e7\u00e3o e destino da&nbsp;droga, o mesmo relatou que pegou a droga em Rio Azul e iria entregar na Vila Jardim Em\u00edlia em Mallet.&nbsp;<\/p>\n\n\n\n<p>Dado a voz de pris\u00e3o pelo ao autor pelo crime de tr\u00e1fico de drogas, lidos seus direitos e conduzido at\u00e9 a 10 DRP&nbsp;de Mallet para os procedimentos de Pol\u00edcia Judiciaria.&nbsp;<\/p>\n\n\n\n<p>A droga foi pesada a qual continha 11,5 gramas de subst\u00e2ncia an\u00e1loga a coca\u00edna e 4 gramas de subst\u00e2ncia an\u00e1loga a crack e o ve\u00edculo foi entregue junto a droga na 10 DRP de Mallet em consulta ao sistema foi constatado que o mesmo n\u00e3o possui CNH sendo ent\u00e3o confeccionados os autos de infra\u00e7\u00e3o pertinentes.\u00a0<\/p>\n\n\n\n<figure class=\"wp-block-image size-full\"><img decoding=\"async\" src=\"https:\/\/radiostudiow.com.br\/site\/wp-content\/uploads\/2022\/11\/image-8.png\" alt=\"\" class=\"wp-image-9621\"\/><\/figure>\n","protected":false},"excerpt":{"rendered":"<p>O autor relatou aos policiais que pegou a droga em Rio Azul e iria entregar na Vila Jardim Em\u00edlia em Mallet. A equipe da Pol\u00edcia Militar de Mallet estava em patrulhamento pela Vila Lopacinski nas proximidades da BR-153 momento que visualizou um Gol Vermelho conduzido por um homem&nbsp;j\u00e1 conhecido das equipes policiais por porte e [&hellip;]<\/p>\n","protected":false},"author":2,"featured_media":0,"comment_status":"open","ping_status":"open","sticky":false,"template":"","format":"standard","meta":{"footnotes":""},"categories":[2],"tags":[172],"class_list":["post-12578","post","type-post","status-publish","format-standard","hentry","category-policial","tag-featured"],"amp_enabled":true,"_links":{"self":[{"href":"https:\/\/radiostudiow.com.br\/site\/wp-json\/wp\/v2\/posts\/12578","targetHints":{"allow":["GET"]}}],"collection":[{"href":"https:\/\/radiostudiow.com.br\/site\/wp-json\/wp\/v2\/posts"}],"about":[{"href":"https:\/\/radiostudiow.com.br\/site\/wp-json\/wp\/v2\/types\/post"}],"author":[{"embeddable":true,"href":"https:\/\/radiostudiow.com.br\/site\/wp-json\/wp\/v2\/users\/2"}],"replies":[{"embeddable":true,"href":"https:\/\/radiostudiow.com.br\/site\/wp-json\/wp\/v2\/comments?post=12578"}],"version-history":[{"count":2,"href":"https:\/\/radiostudiow.com.br\/site\/wp-json\/wp\/v2\/posts\/12578\/revisions"}],"predecessor-version":[{"id":12580,"href":"https:\/\/radiostudiow.com.br\/site\/wp-json\/wp\/v2\/posts\/12578\/revisions\/12580"}],"wp:attachment":[{"href":"https:\/\/radiostudiow.com.br\/site\/wp-json\/wp\/v2\/media?parent=12578"}],"wp:term":[{"taxonomy":"category","embeddable":true,"href":"https:\/\/radiostudiow.com.br\/site\/wp-json\/wp\/v2\/categories?post=12578"},{"taxonomy":"post_tag","embeddable":true,"href":"https:\/\/radiostudiow.com.br\/site\/wp-json\/wp\/v2\/tags?post=12578"}],"curies":[{"name":"wp","href":"https:\/\/api.w.org\/{rel}","templated":true}]}}