{"id":12584,"date":"2023-04-26T20:51:04","date_gmt":"2023-04-26T23:51:04","guid":{"rendered":"https:\/\/radiostudiow.com.br\/site\/?p=12584"},"modified":"2025-01-31T15:06:50","modified_gmt":"2025-01-31T18:06:50","slug":"queremos-um-novo-trevo-de-acesso-a-paulo-frontin-diz-deputado-federal-tadeu-veneri","status":"publish","type":"post","link":"https:\/\/radiostudiow.com.br\/site\/2023\/04\/26\/queremos-um-novo-trevo-de-acesso-a-paulo-frontin-diz-deputado-federal-tadeu-veneri\/","title":{"rendered":"&#8220;QUEREMOS UM NOVO TREVO DE ACESSO \u00c0 PAULO FRONTIN\u201d, DIZ DEPUTADO FEDERAL TADEU VENERI\u00a0"},"content":{"rendered":"\n<p>O deputado federal pelo PT, Tadeu Veneri, falou na manh\u00e3 desta quarta-feira, 26 de abril, ao portal RDX FM, sobre a situa\u00e7\u00e3o do trevo de acesso \u00e0 Paulo Frontin, no entroncamento das rodovias BR-476 com BR-153.<\/p>\n\n\n\n<figure class=\"wp-block-image size-full\"><img decoding=\"async\" src=\"https:\/\/radiostudiow.com.br\/site\/wp-content\/uploads\/2023\/02\/image-20.png\" alt=\"\" class=\"wp-image-11402\"\/><\/figure>\n\n\n\n<p>O parlamentar disse estar indo \u00e0 Bras\u00edlia para se reunir com uma equipe do Departamento Nacional de Infraestrutura de Transportes \u2013 DNIT e com o Ministro dos Transportes, Renan Filho, onde j\u00e1 foi solicitado melhorias de sinaliza\u00e7\u00e3o horizontal e vertical.<\/p>\n\n\n\n<p>O pr\u00f3ximo passo, segundo Veneri, ser\u00e1 o pedido da constru\u00e7\u00e3o de um novo trevo, apresentando um projeto com objetivo de realizar obras de adequa\u00e7\u00e3o.<\/p>\n\n\n\n<p><em>\u201cQueremos um novo trevo de acesso \u00e0 Paulo Frontin, com aquilo que \u00e9 regra da engenharia no mundo todo, em que o motorista entra por um desvio \u00e0 direita, passa por uma pista alongada e depois faz o retorno para acessar Paulo Frontin, e outro trecho para acessar Uni\u00e3o da Vit\u00f3ria. Esse \u00e9 um clamor geral para darmos uma aten\u00e7\u00e3o, j\u00e1 que sou da regi\u00e3o\u201d, disse o deputado.<\/em><\/p>\n\n\n\n<figure class=\"wp-block-image size-full\"><img loading=\"lazy\" decoding=\"async\" width=\"768\" height=\"175\" src=\"https:\/\/radiostudiow.com.br\/site\/wp-content\/uploads\/2023\/03\/image-22.png\" alt=\"\" class=\"wp-image-12046\" srcset=\"https:\/\/radiostudiow.com.br\/site\/wp-content\/uploads\/2023\/03\/image-22.png 768w, https:\/\/radiostudiow.com.br\/site\/wp-content\/uploads\/2023\/03\/image-22-300x68.png 300w\" sizes=\"auto, (max-width: 768px) 100vw, 768px\" \/><\/figure>\n\n\n\n<p>Tadeu Veneri tamb\u00e9m citou a\u00a0Audi\u00eancia P\u00fablica que trata sobre a duplica\u00e7\u00e3o da BR-476, que aconteceu nesta ter\u00e7a-feira (25) em Uni\u00e3o da Vit\u00f3ria, acontece hoje quarta-feira (26) em S\u00e3o Mateus do Sul e tamb\u00e9m acontecer\u00e1 na Lapa (27).<\/p>\n\n\n\n<p><em>\u201cEnquanto aguardamos a duplica\u00e7\u00e3o da rodovia, vamos cobrar e buscar uma solu\u00e7\u00e3o com rela\u00e7\u00e3o a recupera\u00e7\u00e3o da massa asf\u00e1ltica, j\u00e1 que esse trecho, frequentemente, tem ocorr\u00eancia de acidentes\u201d, finalizou.<\/em><\/p>\n\n\n\n<p><strong>Fonte: <a href=\"https:\/\/portalrdx.com.br\/\" data-type=\"URL\" data-id=\"https:\/\/portalrdx.com.br\/\">Portal RDX<\/a><\/strong><\/p>\n","protected":false},"excerpt":{"rendered":"<p>O deputado federal pelo PT, Tadeu Veneri, falou na manh\u00e3 desta quarta-feira, 26 de abril, ao portal RDX FM, sobre a situa\u00e7\u00e3o do trevo de acesso \u00e0 Paulo Frontin, no entroncamento das rodovias BR-476 com BR-153. O parlamentar disse estar indo \u00e0 Bras\u00edlia para se reunir com uma equipe do Departamento Nacional de Infraestrutura de [&hellip;]<\/p>\n","protected":false},"author":2,"featured_media":12585,"comment_status":"open","ping_status":"open","sticky":false,"template":"","format":"standard","meta":{"footnotes":""},"categories":[185],"tags":[172],"class_list":["post-12584","post","type-post","status-publish","format-standard","has-post-thumbnail","hentry","category-regional","tag-featured"],"amp_enabled":true,"_links":{"self":[{"href":"https:\/\/radiostudiow.com.br\/site\/wp-json\/wp\/v2\/posts\/12584","targetHints":{"allow":["GET"]}}],"collection":[{"href":"https:\/\/radiostudiow.com.br\/site\/wp-json\/wp\/v2\/posts"}],"about":[{"href":"https:\/\/radiostudiow.com.br\/site\/wp-json\/wp\/v2\/types\/post"}],"author":[{"embeddable":true,"href":"https:\/\/radiostudiow.com.br\/site\/wp-json\/wp\/v2\/users\/2"}],"replies":[{"embeddable":true,"href":"https:\/\/radiostudiow.com.br\/site\/wp-json\/wp\/v2\/comments?post=12584"}],"version-history":[{"count":1,"href":"https:\/\/radiostudiow.com.br\/site\/wp-json\/wp\/v2\/posts\/12584\/revisions"}],"predecessor-version":[{"id":12586,"href":"https:\/\/radiostudiow.com.br\/site\/wp-json\/wp\/v2\/posts\/12584\/revisions\/12586"}],"wp:featuredmedia":[{"embeddable":true,"href":"https:\/\/radiostudiow.com.br\/site\/wp-json\/wp\/v2\/media\/12585"}],"wp:attachment":[{"href":"https:\/\/radiostudiow.com.br\/site\/wp-json\/wp\/v2\/media?parent=12584"}],"wp:term":[{"taxonomy":"category","embeddable":true,"href":"https:\/\/radiostudiow.com.br\/site\/wp-json\/wp\/v2\/categories?post=12584"},{"taxonomy":"post_tag","embeddable":true,"href":"https:\/\/radiostudiow.com.br\/site\/wp-json\/wp\/v2\/tags?post=12584"}],"curies":[{"name":"wp","href":"https:\/\/api.w.org\/{rel}","templated":true}]}}