{"id":12590,"date":"2023-04-27T17:18:00","date_gmt":"2023-04-27T20:18:00","guid":{"rendered":"https:\/\/radiostudiow.com.br\/site\/?p=12590"},"modified":"2025-01-31T15:06:50","modified_gmt":"2025-01-31T18:06:50","slug":"tio-e-preso-suspeito-estuprar-sobrinhas-no-interior-do-parana","status":"publish","type":"post","link":"https:\/\/radiostudiow.com.br\/site\/2023\/04\/27\/tio-e-preso-suspeito-estuprar-sobrinhas-no-interior-do-parana\/","title":{"rendered":"TIO \u00c9 PRESO SUSPEITO ESTUPRAR SOBRINHAS NO INTERIOR DO PARAN\u00c1\u00a0"},"content":{"rendered":"\n<p>A Pol\u00edcia Civil do Paran\u00e1 (PCPR), por interm\u00e9dio da 43\u00aa Delegacia Regional de Pol\u00edcia de Castro, deflagrou nessa quarta-feira, 26 de abril, sob o Comando da Delegada Renata Batista, Opera\u00e7\u00e3o denominada \u00cdmpio (Perverso), no combate \u00e0 viol\u00eancia sexual contra crian\u00e7a e adolescente, a qual resultou na pris\u00e3o de um homem de 54 anos de idade.<\/p>\n\n\n\n<figure class=\"wp-block-image size-full\"><img decoding=\"async\" src=\"https:\/\/radiostudiow.com.br\/site\/wp-content\/uploads\/2023\/02\/image-20.png\" alt=\"\" class=\"wp-image-11402\"\/><\/figure>\n\n\n\n<p>As investiga\u00e7\u00f5es tiveram in\u00edcio, com a den\u00fancia de abuso sexual de uma menor, atualmente, com 14 anos, quando esta tinha 05 anos de idade, ocasi\u00e3o em que ia passar f\u00e9rias na casa do investigado que era seu tio.<\/p>\n\n\n\n<p>Ap\u00f3s apura\u00e7\u00e3o dos fatos, outras duas sobrinhas, hoje maiores de idade, procuraram a Pol\u00edcia Civil de Castro e tamb\u00e9m relataram que, quando tinham idades entre 06 a 15 anos, sofreram abusos sexuais por parte deste mesmo tio. O investigado realizava amea\u00e7as de morte para que as v\u00edtimas n\u00e3o contassem dos abusos para os familiares, os quais sentiam medo, pois o autor j\u00e1 foi preso anteriormente por homic\u00eddio.<\/p>\n\n\n\n<p>Diante da situa\u00e7\u00e3o, a Autoridade Policial representou pela pris\u00e3o preventiva do investigado, o qual foi cumprida nesta data pela Equipe Policial, sendo localizado no Bairro Jardim Social Primavera. Advertido seus direitos constitucionais, dado voz de pris\u00e3o e conduzido para a Cadeia P\u00fablica de Castro, onde permanece a disposi\u00e7\u00e3o da Justi\u00e7a.<\/p>\n\n\n\n<p>A delegada esclarece que, o crime de estupro de vulner\u00e1vel tem pena de reclus\u00e3o que varia de 08 (oito) a 15 (quinze) anos, considerando que o presente crime foi praticado contra v\u00edtimas diferentes, a pena poder\u00e1 ser somada ou aumentada at\u00e9 o triplo.<\/p>\n\n\n\n<figure class=\"wp-block-image size-full\"><img decoding=\"async\" src=\"https:\/\/radiostudiow.com.br\/site\/wp-content\/uploads\/2023\/02\/image-23.png\" alt=\"\" class=\"wp-image-11407\"\/><\/figure>\n\n\n\n<p><strong><em>A popula\u00e7\u00e3o pode colaborar com a Pol\u00edcia Civil de Castro fazendo qualquer tipo de den\u00fancia atrav\u00e9s do n\u00famero (42) 99840 1110 e tamb\u00e9m do canal 181 com garantia de absoluto sigilo.<\/em><\/strong><\/p>\n\n\n\n<p><em>Informa\u00e7\u00f5es Pol\u00edcia Civil \/ <a href=\"https:\/\/portalrdx.com.br\/\" data-type=\"URL\" data-id=\"https:\/\/portalrdx.com.br\/\">Portal RDX<\/a><\/em><\/p>\n","protected":false},"excerpt":{"rendered":"<p>A Pol\u00edcia Civil do Paran\u00e1 (PCPR), por interm\u00e9dio da 43\u00aa Delegacia Regional de Pol\u00edcia de Castro, deflagrou nessa quarta-feira, 26 de abril, sob o Comando da Delegada Renata Batista, Opera\u00e7\u00e3o denominada \u00cdmpio (Perverso), no combate \u00e0 viol\u00eancia sexual contra crian\u00e7a e adolescente, a qual resultou na pris\u00e3o de um homem de 54 anos de idade. [&hellip;]<\/p>\n","protected":false},"author":2,"featured_media":12591,"comment_status":"open","ping_status":"open","sticky":false,"template":"","format":"standard","meta":{"footnotes":""},"categories":[2],"tags":[172],"class_list":["post-12590","post","type-post","status-publish","format-standard","has-post-thumbnail","hentry","category-policial","tag-featured"],"amp_enabled":true,"_links":{"self":[{"href":"https:\/\/radiostudiow.com.br\/site\/wp-json\/wp\/v2\/posts\/12590","targetHints":{"allow":["GET"]}}],"collection":[{"href":"https:\/\/radiostudiow.com.br\/site\/wp-json\/wp\/v2\/posts"}],"about":[{"href":"https:\/\/radiostudiow.com.br\/site\/wp-json\/wp\/v2\/types\/post"}],"author":[{"embeddable":true,"href":"https:\/\/radiostudiow.com.br\/site\/wp-json\/wp\/v2\/users\/2"}],"replies":[{"embeddable":true,"href":"https:\/\/radiostudiow.com.br\/site\/wp-json\/wp\/v2\/comments?post=12590"}],"version-history":[{"count":1,"href":"https:\/\/radiostudiow.com.br\/site\/wp-json\/wp\/v2\/posts\/12590\/revisions"}],"predecessor-version":[{"id":12592,"href":"https:\/\/radiostudiow.com.br\/site\/wp-json\/wp\/v2\/posts\/12590\/revisions\/12592"}],"wp:featuredmedia":[{"embeddable":true,"href":"https:\/\/radiostudiow.com.br\/site\/wp-json\/wp\/v2\/media\/12591"}],"wp:attachment":[{"href":"https:\/\/radiostudiow.com.br\/site\/wp-json\/wp\/v2\/media?parent=12590"}],"wp:term":[{"taxonomy":"category","embeddable":true,"href":"https:\/\/radiostudiow.com.br\/site\/wp-json\/wp\/v2\/categories?post=12590"},{"taxonomy":"post_tag","embeddable":true,"href":"https:\/\/radiostudiow.com.br\/site\/wp-json\/wp\/v2\/tags?post=12590"}],"curies":[{"name":"wp","href":"https:\/\/api.w.org\/{rel}","templated":true}]}}