{"id":12595,"date":"2023-04-27T18:34:11","date_gmt":"2023-04-27T21:34:11","guid":{"rendered":"https:\/\/radiostudiow.com.br\/site\/?p=12595"},"modified":"2025-01-31T15:06:50","modified_gmt":"2025-01-31T18:06:50","slug":"pm-de-cruz-machado-cumpri-mandado-de-prisao","status":"publish","type":"post","link":"https:\/\/radiostudiow.com.br\/site\/2023\/04\/27\/pm-de-cruz-machado-cumpri-mandado-de-prisao\/","title":{"rendered":"PM DE CRUZ MACHADO CUMPRI MANDADO DE PRIS\u00c3O\u00a0"},"content":{"rendered":"\n<figure class=\"wp-block-image size-large\"><img decoding=\"async\" src=\"https:\/\/radiostudiow.com.br\/site\/wp-content\/uploads\/2023\/03\/333961748_218140324032662_8763106638246866213_n-1024x452.png\" alt=\"\" class=\"wp-image-11670\"\/><\/figure>\n\n\n\n<p>A equipe da Pol\u00edcia Militar de Cruz Machado cumpriu um mandado judicial na localidade de Terceira Vicinal por volta das 18:30 horas dessa quarta-feira (26).&nbsp;<\/p>\n\n\n\n<p>Os policiais receberam informa\u00e7\u00e3o de que um homem com mandado de pris\u00e3o, foi visto pela localidade, sendo logrado \u00eaxito em localizar o referido, ao qual foi dado voz de pris\u00e3o.&nbsp;<\/p>\n\n\n\n<p>Informado de seus direitos constitucionais pelo policial, sendo conduzido e entregue no Depen de uni\u00e3o da vit\u00f3ria para as provid\u00eancias.&nbsp;<\/p>\n","protected":false},"excerpt":{"rendered":"<p>A equipe da Pol\u00edcia Militar de Cruz Machado cumpriu um mandado judicial na localidade de Terceira Vicinal por volta das 18:30 horas dessa quarta-feira (26).&nbsp; Os policiais receberam informa\u00e7\u00e3o de que um homem com mandado de pris\u00e3o, foi visto pela localidade, sendo logrado \u00eaxito em localizar o referido, ao qual foi dado voz de pris\u00e3o.&nbsp; [&hellip;]<\/p>\n","protected":false},"author":2,"featured_media":7354,"comment_status":"open","ping_status":"open","sticky":false,"template":"","format":"standard","meta":{"footnotes":""},"categories":[2],"tags":[172],"class_list":["post-12595","post","type-post","status-publish","format-standard","has-post-thumbnail","hentry","category-policial","tag-featured"],"amp_enabled":true,"_links":{"self":[{"href":"https:\/\/radiostudiow.com.br\/site\/wp-json\/wp\/v2\/posts\/12595","targetHints":{"allow":["GET"]}}],"collection":[{"href":"https:\/\/radiostudiow.com.br\/site\/wp-json\/wp\/v2\/posts"}],"about":[{"href":"https:\/\/radiostudiow.com.br\/site\/wp-json\/wp\/v2\/types\/post"}],"author":[{"embeddable":true,"href":"https:\/\/radiostudiow.com.br\/site\/wp-json\/wp\/v2\/users\/2"}],"replies":[{"embeddable":true,"href":"https:\/\/radiostudiow.com.br\/site\/wp-json\/wp\/v2\/comments?post=12595"}],"version-history":[{"count":1,"href":"https:\/\/radiostudiow.com.br\/site\/wp-json\/wp\/v2\/posts\/12595\/revisions"}],"predecessor-version":[{"id":12596,"href":"https:\/\/radiostudiow.com.br\/site\/wp-json\/wp\/v2\/posts\/12595\/revisions\/12596"}],"wp:featuredmedia":[{"embeddable":true,"href":"https:\/\/radiostudiow.com.br\/site\/wp-json\/wp\/v2\/media\/7354"}],"wp:attachment":[{"href":"https:\/\/radiostudiow.com.br\/site\/wp-json\/wp\/v2\/media?parent=12595"}],"wp:term":[{"taxonomy":"category","embeddable":true,"href":"https:\/\/radiostudiow.com.br\/site\/wp-json\/wp\/v2\/categories?post=12595"},{"taxonomy":"post_tag","embeddable":true,"href":"https:\/\/radiostudiow.com.br\/site\/wp-json\/wp\/v2\/tags?post=12595"}],"curies":[{"name":"wp","href":"https:\/\/api.w.org\/{rel}","templated":true}]}}