{"id":12598,"date":"2023-04-27T19:52:38","date_gmt":"2023-04-27T22:52:38","guid":{"rendered":"https:\/\/radiostudiow.com.br\/site\/?p=12598"},"modified":"2025-01-31T15:06:49","modified_gmt":"2025-01-31T18:06:49","slug":"policia-civil-prende-homens-suspeitos-em-homicidio-na-cidade-de-ivai","status":"publish","type":"post","link":"https:\/\/radiostudiow.com.br\/site\/2023\/04\/27\/policia-civil-prende-homens-suspeitos-em-homicidio-na-cidade-de-ivai\/","title":{"rendered":"POL\u00cdCIA CIVIL PRENDE HOMENS SUSPEITOS EM HOMIC\u00cdDIO NA CIDADE DE IVA\u00cd\u00a0"},"content":{"rendered":"\n<p><strong><em>Conforme o Delegado de Imbituva, Thiago Andrade, que \u00e9 respons\u00e1vel pela investiga\u00e7\u00e3o, os homens detidos causaram a morte de uma pessoa com golpes de faca.<\/em><\/strong>\u00a0<\/p>\n\n\n\n<figure class=\"wp-block-image size-large\"><img decoding=\"async\" src=\"https:\/\/radiostudiow.com.br\/site\/wp-content\/uploads\/2023\/01\/image-3-1024x392.png\" alt=\"\" class=\"wp-image-10452\"\/><\/figure>\n\n\n\n<p>A equipe Pol\u00edcia Civil de Imbituva prendeu tr\u00eas homens suspeitos de envolvimento em um homic\u00eddio na cidade de&nbsp;Iva\u00ed na manh\u00e3 desta quarta-feira (26).&nbsp;<\/p>\n\n\n\n<p>Durante o cumprimento dos mandados de pris\u00e3o e busca e apreens\u00e3o os policiais encontraram um rev\u00f3lver calibre 32 na casa de um homem, al\u00e9m de uma pequena quantidade de droga.&nbsp;<\/p>\n\n\n\n<p>De acordo com o Delegado Thiago Andrade, que \u00e9 respons\u00e1vel pela investiga\u00e7\u00e3o, os tr\u00eas homens que foram detidos, sendo dois deles de 22 anos e um com idade de 32 anos, causaram a morte de Lu\u00eds Marcos de Pontes com golpes de faca. &nbsp;<\/p>\n\n\n\n<p>Conforme o Delegado, a v\u00edtima estava na casa de um dos suspeitos do crime. Os outros homens presos ontem tamb\u00e9m estavam neste local no dia do homic\u00eddio. <em>\u201cHaviam marcas de sangue na casa do suspeito at\u00e9 \u00e0 rua, local onde a v\u00edtima caiu morta. Logo ap\u00f3s o crime, os suspeitos fugiram e retornaram para o bairro h\u00e1 pouco tempo\u201d, afirma Thiago.<\/em>\u00a0<\/p>\n\n\n\n<figure class=\"wp-block-image size-full\"><img decoding=\"async\" src=\"https:\/\/radiostudiow.com.br\/site\/wp-content\/uploads\/2023\/01\/image-2.png\" alt=\"\" class=\"wp-image-10436\"\/><\/figure>\n\n\n\n<p>O Delegado ainda ressalta que a partir da pris\u00e3o dos suspeitos, a Pol\u00edcia Civil vai aprofundar as investiga\u00e7\u00f5es para elucidar o crime e verificar a participa\u00e7\u00e3o de outras pessoas. Al\u00e9m disso, o objetivo \u00e9 identificar o que cada um dos envolvidos fez no dia do crime para que sejam punidos por suas condutas.&nbsp;<\/p>\n\n\n\n<p>A opera\u00e7\u00e3o contou com a participa\u00e7\u00e3o de policiais civis de Ipiranga e Teixeira Soares e tamb\u00e9m do N\u00facleo de Opera\u00e7\u00e3o com C\u00e3es da Divis\u00e3o Estadual de Narc\u00f3ticos (Denarc), de Curitiba.&nbsp;<\/p>\n","protected":false},"excerpt":{"rendered":"<p>Conforme o Delegado de Imbituva, Thiago Andrade, que \u00e9 respons\u00e1vel pela investiga\u00e7\u00e3o, os homens detidos causaram a morte de uma pessoa com golpes de faca.\u00a0 A equipe Pol\u00edcia Civil de Imbituva prendeu tr\u00eas homens suspeitos de envolvimento em um homic\u00eddio na cidade de&nbsp;Iva\u00ed na manh\u00e3 desta quarta-feira (26).&nbsp; Durante o cumprimento dos mandados de pris\u00e3o [&hellip;]<\/p>\n","protected":false},"author":2,"featured_media":12599,"comment_status":"open","ping_status":"open","sticky":false,"template":"","format":"standard","meta":{"footnotes":""},"categories":[2],"tags":[172],"class_list":["post-12598","post","type-post","status-publish","format-standard","has-post-thumbnail","hentry","category-policial","tag-featured"],"amp_enabled":true,"_links":{"self":[{"href":"https:\/\/radiostudiow.com.br\/site\/wp-json\/wp\/v2\/posts\/12598","targetHints":{"allow":["GET"]}}],"collection":[{"href":"https:\/\/radiostudiow.com.br\/site\/wp-json\/wp\/v2\/posts"}],"about":[{"href":"https:\/\/radiostudiow.com.br\/site\/wp-json\/wp\/v2\/types\/post"}],"author":[{"embeddable":true,"href":"https:\/\/radiostudiow.com.br\/site\/wp-json\/wp\/v2\/users\/2"}],"replies":[{"embeddable":true,"href":"https:\/\/radiostudiow.com.br\/site\/wp-json\/wp\/v2\/comments?post=12598"}],"version-history":[{"count":1,"href":"https:\/\/radiostudiow.com.br\/site\/wp-json\/wp\/v2\/posts\/12598\/revisions"}],"predecessor-version":[{"id":12600,"href":"https:\/\/radiostudiow.com.br\/site\/wp-json\/wp\/v2\/posts\/12598\/revisions\/12600"}],"wp:featuredmedia":[{"embeddable":true,"href":"https:\/\/radiostudiow.com.br\/site\/wp-json\/wp\/v2\/media\/12599"}],"wp:attachment":[{"href":"https:\/\/radiostudiow.com.br\/site\/wp-json\/wp\/v2\/media?parent=12598"}],"wp:term":[{"taxonomy":"category","embeddable":true,"href":"https:\/\/radiostudiow.com.br\/site\/wp-json\/wp\/v2\/categories?post=12598"},{"taxonomy":"post_tag","embeddable":true,"href":"https:\/\/radiostudiow.com.br\/site\/wp-json\/wp\/v2\/tags?post=12598"}],"curies":[{"name":"wp","href":"https:\/\/api.w.org\/{rel}","templated":true}]}}