{"id":12601,"date":"2023-04-27T20:09:10","date_gmt":"2023-04-27T23:09:10","guid":{"rendered":"https:\/\/radiostudiow.com.br\/site\/?p=12601"},"modified":"2025-01-31T15:06:49","modified_gmt":"2025-01-31T18:06:49","slug":"mp-denuncia-medico-por-homicidio-duplamente-qualificado-pelo-acidente-na-br-153","status":"publish","type":"post","link":"https:\/\/radiostudiow.com.br\/site\/2023\/04\/27\/mp-denuncia-medico-por-homicidio-duplamente-qualificado-pelo-acidente-na-br-153\/","title":{"rendered":"MP DENUNCIA M\u00c9DICO POR HOMIC\u00cdDIO DUPLAMENTE QUALIFICADO PELO ACIDENTE NA BR-153"},"content":{"rendered":"\n<p><em><strong>Segundo as investiga\u00e7\u00f5es, o m\u00e9dico havia ingerido bebida alco\u00f3lica e transitava em alta velocidade pela rodovia quando atingiu o ve\u00edculo Gol conduzido por Patrick de Camargo Dutra, 25 anos, que morreu no local do acidente<\/strong><\/em>.<\/p>\n\n\n\n<figure class=\"wp-block-image size-full is-resized\"><img loading=\"lazy\" decoding=\"async\" src=\"https:\/\/radiostudiow.com.br\/site\/wp-content\/uploads\/2023\/02\/image-26.png\" alt=\"\" class=\"wp-image-11435\" width=\"598\" height=\"204\"\/><\/figure>\n\n\n\n<p>O Minist\u00e9rio P\u00fablico do Paran\u00e1 (MP\/PR) apresentou den\u00fancia contra o m\u00e9dico F\u00e1bio Ruperto C\u00e2ndido Seyboth, acusado de causar o\u00a0acidente que<a href=\"https:\/\/radiostudiow.com.br\/site\/2023\/04\/15\/medico-e-indiciado-por-homicidio-doloso-por-acidente-que-matou-1-pessoa-na-br-153-a-vitima-viajava-para-conhecer-filha\/\" data-type=\"URL\" data-id=\"https:\/\/radiostudiow.com.br\/site\/2023\/04\/15\/medico-e-indiciado-por-homicidio-doloso-por-acidente-que-matou-1-pessoa-na-br-153-a-vitima-viajava-para-conhecer-filha\/\"> matou o jovem Patrick de Camargo Dutra, de 25 anos, no dia 14 de mar\u00e7o, na BR-153, em Imbituva.<\/a>\u00a0Na ocasi\u00e3o, Patrick seguia com seu ve\u00edculo Gol em dire\u00e7\u00e3o ao munic\u00edpio de Irati para visitar a filha rec\u00e9m-nascida e a esposa Liliana, que estavam na Santa Casa. O jovem morreu no local do acidente.\u00a0<\/p>\n\n\n\n<p>O Ju\u00edzo da Comarca de Imbituva recebeu a den\u00fancia nesta ter\u00e7a-feira, 25 de abril, e determinou que F\u00e1bio fosse citado. O m\u00e9dico foi indiciado por homic\u00eddio duplamente qualificado, segundo contou o promotor de justi\u00e7a da Comarca de Imbituva, Bruno Fanchin, \u00e0 assessoria de imprensa do Minist\u00e9rio P\u00fablico. Ele tamb\u00e9m confirmou a informa\u00e7\u00e3o de que o trecho onde ocorreu o acidente estava em obras e o tr\u00e1fego flu\u00eda no sistema pare e siga. As investiga\u00e7\u00f5es tamb\u00e9m apontaram que o m\u00e9dico dirigia embriagado, o que seria uma das causas da colis\u00e3o.\u00a0<\/p>\n\n\n\n<p><em>\u201cApurou-se que no local eram realizadas obras de recupera\u00e7\u00e3o e manuten\u00e7\u00e3o rodovi\u00e1ria, com interdi\u00e7\u00e3o parcial da via e tr\u00e1fego de ve\u00edculos em sistema pare e siga. As investiga\u00e7\u00f5es revelaram que o denunciado conduzia o seu ve\u00edculo com a capacidade psicomotora alterada em raz\u00e3o da ingest\u00e3o de bebida alco\u00f3lica e n\u00e3o observou a sinaliza\u00e7\u00e3o vi\u00e1ria, vindo a colidir contra a traseira do ve\u00edculo da v\u00edtima, que aguardava a libera\u00e7\u00e3o para seguir viagem e teve seu carro prensado contra um caminh\u00e3o \u00e0 frente dele. As circunst\u00e2ncias revelam que o m\u00e9dico, assim, agiu com dolo eventual, assumindo o risco de causar o resultado morte, raz\u00e3o pela qual o MP busca que, ao final, o julgamento seja feito pelo Tribunal do J\u00fari\u201d, frisou Bruno.<\/em><\/p>\n\n\n\n<figure class=\"wp-block-image size-full\"><img loading=\"lazy\" decoding=\"async\" width=\"560\" height=\"568\" src=\"https:\/\/radiostudiow.com.br\/site\/wp-content\/uploads\/2023\/03\/WhatsApp-Image-2023-03-15-at-07.58.00.jpeg\" alt=\"\" class=\"wp-image-11796\" srcset=\"https:\/\/radiostudiow.com.br\/site\/wp-content\/uploads\/2023\/03\/WhatsApp-Image-2023-03-15-at-07.58.00.jpeg 560w, https:\/\/radiostudiow.com.br\/site\/wp-content\/uploads\/2023\/03\/WhatsApp-Image-2023-03-15-at-07.58.00-296x300.jpeg 296w, https:\/\/radiostudiow.com.br\/site\/wp-content\/uploads\/2023\/03\/WhatsApp-Image-2023-03-15-at-07.58.00-80x80.jpeg 80w\" sizes=\"auto, (max-width: 560px) 100vw, 560px\" \/><figcaption class=\"wp-element-caption\"><em><strong><em><strong>Patrick de Camargo Dutra<\/strong><\/em>, 25 anos, estava indo para o hospital conhecer a filha rec\u00e9m-nascida<\/strong><\/em><\/figcaption><\/figure>\n\n\n\n<figure class=\"wp-block-image size-full\"><img decoding=\"async\" src=\"https:\/\/radiostudiow.com.br\/site\/wp-content\/uploads\/2023\/02\/image-12.png\" alt=\"\" class=\"wp-image-11282\"\/><\/figure>\n\n\n\n<p>Em v\u00eddeo divulgado \u00e0 imprensa, o advogado da fam\u00edlia da v\u00edtima, Maur\u00edcio Zahdi Stecinski, citou algumas atitudes do motorista, que teriam contribu\u00eddo para o acidente.<\/p>\n\n\n\n<p><em>\u201cPrimeiro porque colocou sim em risco a vida de terceiras pessoas naquele momento, pois existiam obras na pista. Segundo, porque com certeza impossibilitou qualquer defesa por parte do Patrick. Agora, aguardamos o recebimento da den\u00fancia pelo ju\u00edzo local e confiamos no trabalho do judici\u00e1rio, que vai continuar realizando a condu\u00e7\u00e3o desse processo com sabedoria e vai nos levar \u00e0 Justi\u00e7a\u201d, afirmou.<\/em><\/p>\n\n\n\n<p>Em contato com nossa reportagem, o advogado de defesa, Gustavo Scandelari, informou que o m\u00e9dico procurou espontaneamente a fam\u00edlia da v\u00edtima para tratar sobre um acordo de indeniza\u00e7\u00e3o pela trag\u00e9dia ocorrida. Entretanto, por se tratar de uma negocia\u00e7\u00e3o particular, o advogado n\u00e3o revelou o valor a ser oferecido. Ele tamb\u00e9m disse que a acusa\u00e7\u00e3o \u00e9 injusta e que o acidente ocorreu por conta das obras na pista.\u00a0<\/p>\n\n\n\n<p><em>\u201cO acusado j\u00e1 est\u00e1 tratando com a fam\u00edlia da v\u00edtima para indeniz\u00e1-los, ele n\u00e3o est\u00e1 fugindo de sua responsabilidade. A acusa\u00e7\u00e3o \u00e9 totalmente injusta, pois tinha uma obra na curva da rodovia, com sinaliza\u00e7\u00e3o que n\u00f3s j\u00e1 identificamos que estava irregular, e o F\u00e1bio n\u00e3o conseguiu impedir a colis\u00e3o, infelizmente. Ele lamenta profundamente a trag\u00e9dia e vai assumir a responsabilidade que lhe cabe\u201d, comentou Gustavo<\/em>.<\/p>\n\n\n\n<p><strong>Stecinski confirmou que a fam\u00edlia foi procurada, mas at\u00e9 agora n\u00e3o recebeu nenhum valor nominal.\u00a0<\/strong><\/p>\n","protected":false},"excerpt":{"rendered":"<p>Segundo as investiga\u00e7\u00f5es, o m\u00e9dico havia ingerido bebida alco\u00f3lica e transitava em alta velocidade pela rodovia quando atingiu o ve\u00edculo Gol conduzido por Patrick de Camargo Dutra, 25 anos, que morreu no local do acidente. O Minist\u00e9rio P\u00fablico do Paran\u00e1 (MP\/PR) apresentou den\u00fancia contra o m\u00e9dico F\u00e1bio Ruperto C\u00e2ndido Seyboth, acusado de causar o\u00a0acidente que [&hellip;]<\/p>\n","protected":false},"author":2,"featured_media":12394,"comment_status":"open","ping_status":"open","sticky":false,"template":"","format":"standard","meta":{"footnotes":""},"categories":[2],"tags":[172],"class_list":["post-12601","post","type-post","status-publish","format-standard","has-post-thumbnail","hentry","category-policial","tag-featured"],"amp_enabled":true,"_links":{"self":[{"href":"https:\/\/radiostudiow.com.br\/site\/wp-json\/wp\/v2\/posts\/12601","targetHints":{"allow":["GET"]}}],"collection":[{"href":"https:\/\/radiostudiow.com.br\/site\/wp-json\/wp\/v2\/posts"}],"about":[{"href":"https:\/\/radiostudiow.com.br\/site\/wp-json\/wp\/v2\/types\/post"}],"author":[{"embeddable":true,"href":"https:\/\/radiostudiow.com.br\/site\/wp-json\/wp\/v2\/users\/2"}],"replies":[{"embeddable":true,"href":"https:\/\/radiostudiow.com.br\/site\/wp-json\/wp\/v2\/comments?post=12601"}],"version-history":[{"count":1,"href":"https:\/\/radiostudiow.com.br\/site\/wp-json\/wp\/v2\/posts\/12601\/revisions"}],"predecessor-version":[{"id":12602,"href":"https:\/\/radiostudiow.com.br\/site\/wp-json\/wp\/v2\/posts\/12601\/revisions\/12602"}],"wp:featuredmedia":[{"embeddable":true,"href":"https:\/\/radiostudiow.com.br\/site\/wp-json\/wp\/v2\/media\/12394"}],"wp:attachment":[{"href":"https:\/\/radiostudiow.com.br\/site\/wp-json\/wp\/v2\/media?parent=12601"}],"wp:term":[{"taxonomy":"category","embeddable":true,"href":"https:\/\/radiostudiow.com.br\/site\/wp-json\/wp\/v2\/categories?post=12601"},{"taxonomy":"post_tag","embeddable":true,"href":"https:\/\/radiostudiow.com.br\/site\/wp-json\/wp\/v2\/tags?post=12601"}],"curies":[{"name":"wp","href":"https:\/\/api.w.org\/{rel}","templated":true}]}}