{"id":12609,"date":"2023-04-27T23:18:40","date_gmt":"2023-04-28T02:18:40","guid":{"rendered":"https:\/\/radiostudiow.com.br\/site\/?p=12609"},"modified":"2025-01-31T15:06:49","modified_gmt":"2025-01-31T18:06:49","slug":"apos-denuncias-policiais-encontraram-entorpecentes-durante-abordagem-em-um-carro-utilizado-como-taxi-em-mallet","status":"publish","type":"post","link":"https:\/\/radiostudiow.com.br\/site\/2023\/04\/27\/apos-denuncias-policiais-encontraram-entorpecentes-durante-abordagem-em-um-carro-utilizado-como-taxi-em-mallet\/","title":{"rendered":"AP\u00d3S DEN\u00daNCIAS, POLICIAIS ENCONTRARAM ENTORPECENTES DURANTE ABORDAGEM, EM UM CARRO UTILIZADO COMO T\u00c1XI EM MALLET"},"content":{"rendered":"\n<figure class=\"wp-block-image size-full\"><img decoding=\"async\" src=\"https:\/\/radiostudiow.com.br\/site\/wp-content\/uploads\/2022\/06\/NUTRI-MALLET.jpg\" alt=\"\" class=\"wp-image-7772\"\/><\/figure>\n\n\n\n<p class=\"has-text-color\" style=\"color:#ffffff00\">.<\/p>\n\n\n\n<p>A equipe da Pol\u00edcia Militar de Mallet realizava patrulhamento pela Avenida dos Trabalhadores, \u00e1rea central, quando por volta das 14:30 horas desta quinta-feira, 27 de abril, avistou um ve\u00edculo que presta servi\u00e7os de t\u00e1xi no munic\u00edpio, e \u00e9 relatado atrav\u00e9s do telefone 181 (Disque Den\u00fancias) que utiliza o autom\u00f3vel para o uso\u00a0 de tr\u00e1fico de drogas.\u00a0<\/p>\n\n\n\n<p>A R\u00e1dio Studio W constatou as informa\u00e7\u00f5es atrav\u00e9s&nbsp; do Boletim de Ocorr\u00eancia,&nbsp; que diante da situa\u00e7\u00e3o a equipe policial realizou o acompanhamento&nbsp; de uma certa dist\u00e2ncia, onde verificou-se que o motorista ficou visivelmente incomodado com a presen\u00e7a da viatura, demonstrando nervosismo e errando as marchas.&nbsp;<\/p>\n\n\n\n<p>Foi procedida a abordagem e identificado o condutor.&nbsp;<\/p>\n\n\n\n<p>Durante revista pessoal, nada de il\u00edcito foi encontrado, momento da abordagem o suspeito se mostrou novamente muito nervoso, sendo realizada a busca veicular.<\/p>\n\n\n\n<p>Os policiais encontraram embaixo do banco do passageiro uma sacola pl\u00e1stica com subst\u00e2ncia an\u00e1loga a coca\u00edna, posteriormente pesada totalizando 39,3 gramas.&nbsp;<\/p>\n\n\n\n<p>Em continuidade pelas buscas no ve\u00edculo, foi encontrado um celular Motorola, um cabo de carregador, um pendrive e R$ 39,20 (Trinta e nove reais e vinte centavos).&nbsp;<\/p>\n\n\n\n<p>Diante dos fatos, foi dado voz de pris\u00e3o ao autor e conduzido at\u00e9 a 10\u00aa DRP (Delegacia Regional da Pol\u00edcia Civil de Mallet) juntamente com o carro, os entorpecentes e objetos apreendidos para procedimentos de Pol\u00edcia Judici\u00e1ria.<\/p>\n\n\n\n<p class=\"has-text-color\" style=\"color:#ffffff00\">.<\/p>\n\n\n\n<figure class=\"wp-block-image size-full\"><img decoding=\"async\" src=\"https:\/\/radiostudiow.com.br\/site\/wp-content\/uploads\/2022\/07\/AFUBRE-IRATI.jpg\" alt=\"\" class=\"wp-image-7992\"\/><\/figure>\n\n\n\n<p class=\"has-text-color\" style=\"color:#ffffff00\">.<\/p>\n\n\n\n<figure class=\"wp-block-image size-large\"><img decoding=\"async\" src=\"https:\/\/radiostudiow.com.br\/site\/wp-content\/uploads\/2023\/04\/02-576x1024.jpg\" alt=\"\" class=\"wp-image-12610\"\/><\/figure>\n","protected":false},"excerpt":{"rendered":"<p>. A equipe da Pol\u00edcia Militar de Mallet realizava patrulhamento pela Avenida dos Trabalhadores, \u00e1rea central, quando por volta das 14:30 horas desta quinta-feira, 27 de abril, avistou um ve\u00edculo que presta servi\u00e7os de t\u00e1xi no munic\u00edpio, e \u00e9 relatado atrav\u00e9s do telefone 181 (Disque Den\u00fancias) que utiliza o autom\u00f3vel para o uso\u00a0 de tr\u00e1fico [&hellip;]<\/p>\n","protected":false},"author":2,"featured_media":12611,"comment_status":"open","ping_status":"open","sticky":false,"template":"","format":"standard","meta":{"footnotes":""},"categories":[184,2],"tags":[172],"class_list":["post-12609","post","type-post","status-publish","format-standard","has-post-thumbnail","hentry","category-local","category-policial","tag-featured"],"amp_enabled":true,"_links":{"self":[{"href":"https:\/\/radiostudiow.com.br\/site\/wp-json\/wp\/v2\/posts\/12609","targetHints":{"allow":["GET"]}}],"collection":[{"href":"https:\/\/radiostudiow.com.br\/site\/wp-json\/wp\/v2\/posts"}],"about":[{"href":"https:\/\/radiostudiow.com.br\/site\/wp-json\/wp\/v2\/types\/post"}],"author":[{"embeddable":true,"href":"https:\/\/radiostudiow.com.br\/site\/wp-json\/wp\/v2\/users\/2"}],"replies":[{"embeddable":true,"href":"https:\/\/radiostudiow.com.br\/site\/wp-json\/wp\/v2\/comments?post=12609"}],"version-history":[{"count":1,"href":"https:\/\/radiostudiow.com.br\/site\/wp-json\/wp\/v2\/posts\/12609\/revisions"}],"predecessor-version":[{"id":12612,"href":"https:\/\/radiostudiow.com.br\/site\/wp-json\/wp\/v2\/posts\/12609\/revisions\/12612"}],"wp:featuredmedia":[{"embeddable":true,"href":"https:\/\/radiostudiow.com.br\/site\/wp-json\/wp\/v2\/media\/12611"}],"wp:attachment":[{"href":"https:\/\/radiostudiow.com.br\/site\/wp-json\/wp\/v2\/media?parent=12609"}],"wp:term":[{"taxonomy":"category","embeddable":true,"href":"https:\/\/radiostudiow.com.br\/site\/wp-json\/wp\/v2\/categories?post=12609"},{"taxonomy":"post_tag","embeddable":true,"href":"https:\/\/radiostudiow.com.br\/site\/wp-json\/wp\/v2\/tags?post=12609"}],"curies":[{"name":"wp","href":"https:\/\/api.w.org\/{rel}","templated":true}]}}