{"id":12615,"date":"2023-04-28T11:15:57","date_gmt":"2023-04-28T14:15:57","guid":{"rendered":"https:\/\/radiostudiow.com.br\/site\/?p=12615"},"modified":"2025-01-31T15:06:49","modified_gmt":"2025-01-31T18:06:49","slug":"cofre-de-loja-em-bituruna-e-alvo-de-furto","status":"publish","type":"post","link":"https:\/\/radiostudiow.com.br\/site\/2023\/04\/28\/cofre-de-loja-em-bituruna-e-alvo-de-furto\/","title":{"rendered":"COFRE DE LOJA EM BITURUNA \u00c9 ALVO DE FURTO"},"content":{"rendered":"\n<figure class=\"wp-block-image size-full\"><img decoding=\"async\" src=\"https:\/\/radiostudiow.com.br\/site\/wp-content\/uploads\/2023\/02\/image-21.png\" alt=\"\" class=\"wp-image-11405\"\/><\/figure>\n\n\n\n<p>A equipe da Pol\u00edcia Militar de Bituruna recebeu informa\u00e7\u00e3o de uma situa\u00e7\u00e3o de furto em uma loja da Avenida de Dr. Oscar Geyer, na \u00e1rea central do munic\u00edpio nessa quinta-feira (27).&nbsp;<\/p>\n\n\n\n<p>Os policiais se deslocaram at\u00e9 o local e em conversa com o solicitante, o mesmo relatou ser gerente de uma loja e afirmou&nbsp;que por volta das 04:20 horas um homem entrou pela janela e furtou um cofre contendo certa quantia em dinheiro, um celular Positivo, um celular Iphone XS, um celular Samsung S8 com a tela trincada e um tal\u00e3o de cheques&nbsp;em nome do solicitante.&nbsp;<\/p>\n\n\n\n<p>Diante da situa\u00e7\u00e3o a equipe policial foi orientado quanto aos procedimentos de investiga\u00e7\u00e3o junto a delegacia de Pol\u00edcia Civil.&nbsp;<\/p>\n","protected":false},"excerpt":{"rendered":"<p>A equipe da Pol\u00edcia Militar de Bituruna recebeu informa\u00e7\u00e3o de uma situa\u00e7\u00e3o de furto em uma loja da Avenida de Dr. Oscar Geyer, na \u00e1rea central do munic\u00edpio nessa quinta-feira (27).&nbsp; Os policiais se deslocaram at\u00e9 o local e em conversa com o solicitante, o mesmo relatou ser gerente de uma loja e afirmou&nbsp;que por [&hellip;]<\/p>\n","protected":false},"author":2,"featured_media":9662,"comment_status":"open","ping_status":"open","sticky":false,"template":"","format":"standard","meta":{"footnotes":""},"categories":[2],"tags":[172],"class_list":["post-12615","post","type-post","status-publish","format-standard","has-post-thumbnail","hentry","category-policial","tag-featured"],"amp_enabled":true,"_links":{"self":[{"href":"https:\/\/radiostudiow.com.br\/site\/wp-json\/wp\/v2\/posts\/12615","targetHints":{"allow":["GET"]}}],"collection":[{"href":"https:\/\/radiostudiow.com.br\/site\/wp-json\/wp\/v2\/posts"}],"about":[{"href":"https:\/\/radiostudiow.com.br\/site\/wp-json\/wp\/v2\/types\/post"}],"author":[{"embeddable":true,"href":"https:\/\/radiostudiow.com.br\/site\/wp-json\/wp\/v2\/users\/2"}],"replies":[{"embeddable":true,"href":"https:\/\/radiostudiow.com.br\/site\/wp-json\/wp\/v2\/comments?post=12615"}],"version-history":[{"count":1,"href":"https:\/\/radiostudiow.com.br\/site\/wp-json\/wp\/v2\/posts\/12615\/revisions"}],"predecessor-version":[{"id":12616,"href":"https:\/\/radiostudiow.com.br\/site\/wp-json\/wp\/v2\/posts\/12615\/revisions\/12616"}],"wp:featuredmedia":[{"embeddable":true,"href":"https:\/\/radiostudiow.com.br\/site\/wp-json\/wp\/v2\/media\/9662"}],"wp:attachment":[{"href":"https:\/\/radiostudiow.com.br\/site\/wp-json\/wp\/v2\/media?parent=12615"}],"wp:term":[{"taxonomy":"category","embeddable":true,"href":"https:\/\/radiostudiow.com.br\/site\/wp-json\/wp\/v2\/categories?post=12615"},{"taxonomy":"post_tag","embeddable":true,"href":"https:\/\/radiostudiow.com.br\/site\/wp-json\/wp\/v2\/tags?post=12615"}],"curies":[{"name":"wp","href":"https:\/\/api.w.org\/{rel}","templated":true}]}}