{"id":12617,"date":"2023-04-28T11:47:21","date_gmt":"2023-04-28T14:47:21","guid":{"rendered":"https:\/\/radiostudiow.com.br\/site\/?p=12617"},"modified":"2025-01-31T15:06:49","modified_gmt":"2025-01-31T18:06:49","slug":"pm-prende-homem-por-porte-ilegal-de-arma-de-fogo","status":"publish","type":"post","link":"https:\/\/radiostudiow.com.br\/site\/2023\/04\/28\/pm-prende-homem-por-porte-ilegal-de-arma-de-fogo\/","title":{"rendered":"PM PRENDE HOMEM POR PORTE ILEGAL DE ARMA DE FOGO"},"content":{"rendered":"\n<p><strong><em>Uma espingarda de press\u00e3o e uma Espingarda Calibre 0,36 foram apreendidas ap\u00f3s o autor amea\u00e7ar o vizinho na \u00e1rea rural em Bituruna.<\/em><\/strong><\/p>\n\n\n\n<figure class=\"wp-block-image size-full\"><img decoding=\"async\" src=\"https:\/\/radiostudiow.com.br\/site\/wp-content\/uploads\/2022\/11\/image-8.png\" alt=\"\" class=\"wp-image-9621\"\/><\/figure>\n\n\n\n<p>A equipe da Pol\u00edcia Militar de Bituruna apreendeu uma arma de fogo na localidade Iratinzinho \u00e1rea rural da cidade nessa quinta-feira (27). Durante a apreens\u00e3o um homem foi preso.\u00a0<\/p>\n\n\n\n<p>O solicitante relatou que aos policiais que seu vizinho efetuou disparos de arma de fogo em sua dire\u00e7\u00e3o e visualizou o mesmo com uma espingarda em m\u00e3os. &nbsp;<\/p>\n\n\n\n<p>De imediato a equipe se&nbsp;deslocou at\u00e9 o local informado e entrou em contato com a v\u00edtima, a qual informou onde estava o autor. PM&nbsp;foi at\u00e9 um s\u00edtio, onde visualizou o mesmo pr\u00f3ximo ao port\u00e3o da propriedade que ao notar a presen\u00e7a da equipe escondeu um objeto.&nbsp;<\/p>\n\n\n\n<p>Realizado a abordagem e localizado pr\u00f3ximo ao mesmo uma espingarda de press\u00e3o, o autor foi indagado se teria mais alguma arma de fogo,&nbsp;relatou que sim e que estava no interior da resid\u00eancia. Foi encontrado uma Espingarda Calibre 0,36. &nbsp;<\/p>\n\n\n\n<p>Dado voz de pris\u00e3o ao autor, lido seus direitos constitucionais e deslocado at\u00e9 a 4sdppara providencias cab\u00edveis.&nbsp;<\/p>\n","protected":false},"excerpt":{"rendered":"<p>Uma espingarda de press\u00e3o e uma Espingarda Calibre 0,36 foram apreendidas ap\u00f3s o autor amea\u00e7ar o vizinho na \u00e1rea rural em Bituruna. A equipe da Pol\u00edcia Militar de Bituruna apreendeu uma arma de fogo na localidade Iratinzinho \u00e1rea rural da cidade nessa quinta-feira (27). Durante a apreens\u00e3o um homem foi preso.\u00a0 O solicitante relatou que [&hellip;]<\/p>\n","protected":false},"author":2,"featured_media":10652,"comment_status":"open","ping_status":"open","sticky":false,"template":"","format":"standard","meta":{"footnotes":""},"categories":[2],"tags":[172],"class_list":["post-12617","post","type-post","status-publish","format-standard","has-post-thumbnail","hentry","category-policial","tag-featured"],"amp_enabled":true,"_links":{"self":[{"href":"https:\/\/radiostudiow.com.br\/site\/wp-json\/wp\/v2\/posts\/12617","targetHints":{"allow":["GET"]}}],"collection":[{"href":"https:\/\/radiostudiow.com.br\/site\/wp-json\/wp\/v2\/posts"}],"about":[{"href":"https:\/\/radiostudiow.com.br\/site\/wp-json\/wp\/v2\/types\/post"}],"author":[{"embeddable":true,"href":"https:\/\/radiostudiow.com.br\/site\/wp-json\/wp\/v2\/users\/2"}],"replies":[{"embeddable":true,"href":"https:\/\/radiostudiow.com.br\/site\/wp-json\/wp\/v2\/comments?post=12617"}],"version-history":[{"count":1,"href":"https:\/\/radiostudiow.com.br\/site\/wp-json\/wp\/v2\/posts\/12617\/revisions"}],"predecessor-version":[{"id":12618,"href":"https:\/\/radiostudiow.com.br\/site\/wp-json\/wp\/v2\/posts\/12617\/revisions\/12618"}],"wp:featuredmedia":[{"embeddable":true,"href":"https:\/\/radiostudiow.com.br\/site\/wp-json\/wp\/v2\/media\/10652"}],"wp:attachment":[{"href":"https:\/\/radiostudiow.com.br\/site\/wp-json\/wp\/v2\/media?parent=12617"}],"wp:term":[{"taxonomy":"category","embeddable":true,"href":"https:\/\/radiostudiow.com.br\/site\/wp-json\/wp\/v2\/categories?post=12617"},{"taxonomy":"post_tag","embeddable":true,"href":"https:\/\/radiostudiow.com.br\/site\/wp-json\/wp\/v2\/tags?post=12617"}],"curies":[{"name":"wp","href":"https:\/\/api.w.org\/{rel}","templated":true}]}}