{"id":12629,"date":"2023-04-29T12:43:32","date_gmt":"2023-04-29T15:43:32","guid":{"rendered":"https:\/\/radiostudiow.com.br\/site\/?p=12629"},"modified":"2025-01-31T15:06:49","modified_gmt":"2025-01-31T18:06:49","slug":"idosa-que-estava-desaparecida-e-localizada-pela-pm-e-samu-em-sao-mateus-do-sul","status":"publish","type":"post","link":"https:\/\/radiostudiow.com.br\/site\/2023\/04\/29\/idosa-que-estava-desaparecida-e-localizada-pela-pm-e-samu-em-sao-mateus-do-sul\/","title":{"rendered":"IDOSA QUE ESTAVA DESAPARECIDA \u00c9 LOCALIZADA PELA PM E SAMU EM S\u00c3O MATEUS DO SUL\u00a0"},"content":{"rendered":"\n<p><\/p>\n\n\n\n<figure class=\"wp-block-image size-full\"><img loading=\"lazy\" decoding=\"async\" width=\"768\" height=\"175\" src=\"https:\/\/radiostudiow.com.br\/site\/wp-content\/uploads\/2023\/03\/image-22.png\" alt=\"\" class=\"wp-image-12046\" srcset=\"https:\/\/radiostudiow.com.br\/site\/wp-content\/uploads\/2023\/03\/image-22.png 768w, https:\/\/radiostudiow.com.br\/site\/wp-content\/uploads\/2023\/03\/image-22-300x68.png 300w\" sizes=\"auto, (max-width: 768px) 100vw, 768px\" \/><\/figure>\n\n\n\n<p>Ap\u00f3s o\u00a0<strong>Portal RDX<\/strong>\u00a0divulgar\u00a0<a rel=\"noreferrer noopener\" href=\"https:\/\/portalrdx.com.br\/28\/04\/2023\/idosa-de-86-anos-esta-desaparecida-em-sao-mateus-do-sul\/\" target=\"_blank\">o desaparecimento de dona N\u00e1dia Tereza Cardoso Weber, de 86 anos<\/a>\u00a0na noite desta sexta-feira (28), em S\u00e3o Mateus do Sul, ela foi localizada.\u00a0<\/p>\n\n\n\n<p>Segundo informa\u00e7\u00f5es, a idosa foi vista durante a madrugada de s\u00e1bado (29) pr\u00f3ximo ao A\u00e7ougue e Mercado Padilha, na sa\u00edda para S\u00e3o Jo\u00e3o do Triunfo.&nbsp;<\/p>\n\n\n\n<p>De imediato, a Pol\u00edcia Militar foi informada da situa\u00e7\u00e3o, por\u00e9m atendia outra ocorr\u00eancia e entrou em contato com o atendente Ant\u00f4nio Rafael da Fonseca Barbosa que estava de folga e prestou apoio, encaminhando a mulher ao Pronto Atendimento Municipal.&nbsp;<\/p>\n\n\n\n<p>A neta de dona N\u00e1dia, Isis Weber, enviou uma mensagem \u00e0&nbsp;<strong>RDX FM<\/strong>&nbsp;agradecendo a divulga\u00e7\u00e3o que resultou na localiza\u00e7\u00e3o da idosa.&nbsp;<\/p>\n\n\n\n<p><em>\u201cObrigada por divulgarem [o desaparecimento]. Gra\u00e7as a isso, uma mo\u00e7a encontrou ela por volta de 3h da manh\u00e3 e acionou a Pol\u00edcia Militar e o Samu, e ela j\u00e1 est\u00e1 em casa\u201d, agradeceu.<\/em>\u00a0<\/p>\n","protected":false},"excerpt":{"rendered":"<p>Ap\u00f3s o\u00a0Portal RDX\u00a0divulgar\u00a0o desaparecimento de dona N\u00e1dia Tereza Cardoso Weber, de 86 anos\u00a0na noite desta sexta-feira (28), em S\u00e3o Mateus do Sul, ela foi localizada.\u00a0 Segundo informa\u00e7\u00f5es, a idosa foi vista durante a madrugada de s\u00e1bado (29) pr\u00f3ximo ao A\u00e7ougue e Mercado Padilha, na sa\u00edda para S\u00e3o Jo\u00e3o do Triunfo.&nbsp; De imediato, a Pol\u00edcia Militar [&hellip;]<\/p>\n","protected":false},"author":2,"featured_media":12630,"comment_status":"open","ping_status":"open","sticky":false,"template":"","format":"standard","meta":{"footnotes":""},"categories":[2],"tags":[172],"class_list":["post-12629","post","type-post","status-publish","format-standard","has-post-thumbnail","hentry","category-policial","tag-featured"],"amp_enabled":true,"_links":{"self":[{"href":"https:\/\/radiostudiow.com.br\/site\/wp-json\/wp\/v2\/posts\/12629","targetHints":{"allow":["GET"]}}],"collection":[{"href":"https:\/\/radiostudiow.com.br\/site\/wp-json\/wp\/v2\/posts"}],"about":[{"href":"https:\/\/radiostudiow.com.br\/site\/wp-json\/wp\/v2\/types\/post"}],"author":[{"embeddable":true,"href":"https:\/\/radiostudiow.com.br\/site\/wp-json\/wp\/v2\/users\/2"}],"replies":[{"embeddable":true,"href":"https:\/\/radiostudiow.com.br\/site\/wp-json\/wp\/v2\/comments?post=12629"}],"version-history":[{"count":1,"href":"https:\/\/radiostudiow.com.br\/site\/wp-json\/wp\/v2\/posts\/12629\/revisions"}],"predecessor-version":[{"id":12631,"href":"https:\/\/radiostudiow.com.br\/site\/wp-json\/wp\/v2\/posts\/12629\/revisions\/12631"}],"wp:featuredmedia":[{"embeddable":true,"href":"https:\/\/radiostudiow.com.br\/site\/wp-json\/wp\/v2\/media\/12630"}],"wp:attachment":[{"href":"https:\/\/radiostudiow.com.br\/site\/wp-json\/wp\/v2\/media?parent=12629"}],"wp:term":[{"taxonomy":"category","embeddable":true,"href":"https:\/\/radiostudiow.com.br\/site\/wp-json\/wp\/v2\/categories?post=12629"},{"taxonomy":"post_tag","embeddable":true,"href":"https:\/\/radiostudiow.com.br\/site\/wp-json\/wp\/v2\/tags?post=12629"}],"curies":[{"name":"wp","href":"https:\/\/api.w.org\/{rel}","templated":true}]}}