{"id":12632,"date":"2023-04-29T12:55:33","date_gmt":"2023-04-29T15:55:33","guid":{"rendered":"https:\/\/radiostudiow.com.br\/site\/?p=12632"},"modified":"2025-01-31T15:06:49","modified_gmt":"2025-01-31T18:06:49","slug":"homem-e-preso-apos-agredir-esposa-e-por-porte-ilegal-de-arma-de-fogo-em-mallet","status":"publish","type":"post","link":"https:\/\/radiostudiow.com.br\/site\/2023\/04\/29\/homem-e-preso-apos-agredir-esposa-e-por-porte-ilegal-de-arma-de-fogo-em-mallet\/","title":{"rendered":"HOMEM \u00c9 PRESO AP\u00d3S AGREDIR ESPOSA E POR PORTE ILEGAL DE ARMA DE FOGO EM MALLET"},"content":{"rendered":"\n<p><strong><em>No local os policiais fizeram contato com a v\u00edtima, a qual estava com alguns arranhados no rosto e algumas marcas de agress\u00e3o<\/em><\/strong>.<\/p>\n\n\n\n<figure class=\"wp-block-image size-full\"><img decoding=\"async\" src=\"https:\/\/radiostudiow.com.br\/site\/wp-content\/uploads\/2023\/02\/image-20.png\" alt=\"\" class=\"wp-image-11402\"\/><\/figure>\n\n\n\n<p>A equipe da Pol\u00edcia Militar de Mallet se deslocou at\u00e9 uma resid\u00eancia na \u00e1rea rural ap\u00f3s uma situa\u00e7\u00e3o de viol\u00eancia dom\u00e9stica por volta das 23:00 horas dessa sexta-feira (28).&nbsp;<\/p>\n\n\n\n<p>No local os policiais fizeram contato com a solicitante, a qual estava com alguns arranhados no rosto e algumas marcas de agress\u00e3o e passou a relatar que seu convivente fez uso de bebida alco\u00f3lica na parte da tarde e que lhe agrediu pr\u00f3ximo das 20:00 horas dando socos e tentando apertar seu pesco\u00e7o no intuito de enforc\u00e1-la.&nbsp;<\/p>\n\n\n\n<p>A v\u00edtima ainda afirmou que seu convivente tem uma espingarda, que foi localizada embaixo da cama, com uma muni\u00e7\u00e3o carregada e mais uma ao lado. Relatou ainda que o cunhado teria levado mais uma espingarda e que teme por sua vida.&nbsp;<\/p>\n\n\n\n<p>Diante dos fatos foi dado voz de pris\u00e3o ao autor, lido seus direitos e conduzidos at\u00e9 a 4 SDP&nbsp;de Uni\u00e3o de Vit\u00f3ria para provid\u00eancias cab\u00edveis.&nbsp;<\/p>\n\n\n\n<figure class=\"wp-block-image size-full\"><img decoding=\"async\" src=\"https:\/\/radiostudiow.com.br\/site\/wp-content\/uploads\/2022\/10\/image-3.png\" alt=\"\" class=\"wp-image-9420\"\/><\/figure>\n","protected":false},"excerpt":{"rendered":"<p>No local os policiais fizeram contato com a v\u00edtima, a qual estava com alguns arranhados no rosto e algumas marcas de agress\u00e3o. A equipe da Pol\u00edcia Militar de Mallet se deslocou at\u00e9 uma resid\u00eancia na \u00e1rea rural ap\u00f3s uma situa\u00e7\u00e3o de viol\u00eancia dom\u00e9stica por volta das 23:00 horas dessa sexta-feira (28).&nbsp; No local os policiais [&hellip;]<\/p>\n","protected":false},"author":2,"featured_media":0,"comment_status":"open","ping_status":"open","sticky":false,"template":"","format":"standard","meta":{"footnotes":""},"categories":[2],"tags":[172],"class_list":["post-12632","post","type-post","status-publish","format-standard","hentry","category-policial","tag-featured"],"amp_enabled":true,"_links":{"self":[{"href":"https:\/\/radiostudiow.com.br\/site\/wp-json\/wp\/v2\/posts\/12632","targetHints":{"allow":["GET"]}}],"collection":[{"href":"https:\/\/radiostudiow.com.br\/site\/wp-json\/wp\/v2\/posts"}],"about":[{"href":"https:\/\/radiostudiow.com.br\/site\/wp-json\/wp\/v2\/types\/post"}],"author":[{"embeddable":true,"href":"https:\/\/radiostudiow.com.br\/site\/wp-json\/wp\/v2\/users\/2"}],"replies":[{"embeddable":true,"href":"https:\/\/radiostudiow.com.br\/site\/wp-json\/wp\/v2\/comments?post=12632"}],"version-history":[{"count":1,"href":"https:\/\/radiostudiow.com.br\/site\/wp-json\/wp\/v2\/posts\/12632\/revisions"}],"predecessor-version":[{"id":12633,"href":"https:\/\/radiostudiow.com.br\/site\/wp-json\/wp\/v2\/posts\/12632\/revisions\/12633"}],"wp:attachment":[{"href":"https:\/\/radiostudiow.com.br\/site\/wp-json\/wp\/v2\/media?parent=12632"}],"wp:term":[{"taxonomy":"category","embeddable":true,"href":"https:\/\/radiostudiow.com.br\/site\/wp-json\/wp\/v2\/categories?post=12632"},{"taxonomy":"post_tag","embeddable":true,"href":"https:\/\/radiostudiow.com.br\/site\/wp-json\/wp\/v2\/tags?post=12632"}],"curies":[{"name":"wp","href":"https:\/\/api.w.org\/{rel}","templated":true}]}}