{"id":12635,"date":"2023-05-02T10:39:31","date_gmt":"2023-05-02T13:39:31","guid":{"rendered":"https:\/\/radiostudiow.com.br\/site\/?p=12635"},"modified":"2025-01-31T15:06:49","modified_gmt":"2025-01-31T18:06:49","slug":"apos-veiculo-ser-arrombado-som-e-furtado-em-sao-mateus-do-sul","status":"publish","type":"post","link":"https:\/\/radiostudiow.com.br\/site\/2023\/05\/02\/apos-veiculo-ser-arrombado-som-e-furtado-em-sao-mateus-do-sul\/","title":{"rendered":"AP\u00d3S VE\u00cdCULO SER ARROMBADO, SOM \u00c9 FURTADO EM S\u00c3O MATEUS DO SUL\u00a0"},"content":{"rendered":"\n<figure class=\"wp-block-image size-large\"><img decoding=\"async\" src=\"https:\/\/radiostudiow.com.br\/site\/wp-content\/uploads\/2023\/03\/333961748_218140324032662_8763106638246866213_n-1024x452.png\" alt=\"\" class=\"wp-image-11670\"\/><\/figure>\n\n\n\n<p>Segundo informa\u00e7\u00f5es o ve\u00edculo Fiat Palio foi deixado em frente ao Motel na BR 476, proximo a PRF, devido a problemas mec\u00e2nicos, quando pela manh\u00e3 de hoje o propriet\u00e1rio foi pegar e verificou que o carro foi arrombado.<\/p>\n\n\n\n<p>Do interior foi levado o som e outros pertences, c\u00e2meras de seguran\u00e7a foram vistas e as imagens ser\u00e3o entregues para a Pol\u00edcia.<\/p>\n\n\n\n<p>O propriet\u00e1rio pede para quem furtou entregar os produtos antes que as imagens sejam divulgadas.<\/p>\n","protected":false},"excerpt":{"rendered":"<p>Segundo informa\u00e7\u00f5es o ve\u00edculo Fiat Palio foi deixado em frente ao Motel na BR 476, proximo a PRF, devido a problemas mec\u00e2nicos, quando pela manh\u00e3 de hoje o propriet\u00e1rio foi pegar e verificou que o carro foi arrombado. Do interior foi levado o som e outros pertences, c\u00e2meras de seguran\u00e7a foram vistas e as imagens [&hellip;]<\/p>\n","protected":false},"author":2,"featured_media":11496,"comment_status":"open","ping_status":"open","sticky":false,"template":"","format":"standard","meta":{"footnotes":""},"categories":[2],"tags":[172],"class_list":["post-12635","post","type-post","status-publish","format-standard","has-post-thumbnail","hentry","category-policial","tag-featured"],"amp_enabled":true,"_links":{"self":[{"href":"https:\/\/radiostudiow.com.br\/site\/wp-json\/wp\/v2\/posts\/12635","targetHints":{"allow":["GET"]}}],"collection":[{"href":"https:\/\/radiostudiow.com.br\/site\/wp-json\/wp\/v2\/posts"}],"about":[{"href":"https:\/\/radiostudiow.com.br\/site\/wp-json\/wp\/v2\/types\/post"}],"author":[{"embeddable":true,"href":"https:\/\/radiostudiow.com.br\/site\/wp-json\/wp\/v2\/users\/2"}],"replies":[{"embeddable":true,"href":"https:\/\/radiostudiow.com.br\/site\/wp-json\/wp\/v2\/comments?post=12635"}],"version-history":[{"count":1,"href":"https:\/\/radiostudiow.com.br\/site\/wp-json\/wp\/v2\/posts\/12635\/revisions"}],"predecessor-version":[{"id":12636,"href":"https:\/\/radiostudiow.com.br\/site\/wp-json\/wp\/v2\/posts\/12635\/revisions\/12636"}],"wp:featuredmedia":[{"embeddable":true,"href":"https:\/\/radiostudiow.com.br\/site\/wp-json\/wp\/v2\/media\/11496"}],"wp:attachment":[{"href":"https:\/\/radiostudiow.com.br\/site\/wp-json\/wp\/v2\/media?parent=12635"}],"wp:term":[{"taxonomy":"category","embeddable":true,"href":"https:\/\/radiostudiow.com.br\/site\/wp-json\/wp\/v2\/categories?post=12635"},{"taxonomy":"post_tag","embeddable":true,"href":"https:\/\/radiostudiow.com.br\/site\/wp-json\/wp\/v2\/tags?post=12635"}],"curies":[{"name":"wp","href":"https:\/\/api.w.org\/{rel}","templated":true}]}}