{"id":12637,"date":"2023-05-02T11:15:29","date_gmt":"2023-05-02T14:15:29","guid":{"rendered":"https:\/\/radiostudiow.com.br\/site\/?p=12637"},"modified":"2025-01-31T15:06:49","modified_gmt":"2025-01-31T18:06:49","slug":"adolescente-procura-a-pm-apos-ser-agredido-em-mallet","status":"publish","type":"post","link":"https:\/\/radiostudiow.com.br\/site\/2023\/05\/02\/adolescente-procura-a-pm-apos-ser-agredido-em-mallet\/","title":{"rendered":"ADOLESCENTE PROCURA A PM AP\u00d3S SER AGREDIDO EM MALLET"},"content":{"rendered":"\n<p><strong><em>De acordo com a v\u00edtima, um indiv\u00edduo do seu conhecimento se exaltou, ficou nervoso e sem motivos lhe agrediu na \u00e1rea central da cidade.<\/em><\/strong><\/p>\n\n\n\n<figure class=\"wp-block-image size-full\"><img decoding=\"async\" src=\"https:\/\/radiostudiow.com.br\/site\/wp-content\/uploads\/2023\/02\/image-12.png\" alt=\"\" class=\"wp-image-11282\"\/><\/figure>\n\n\n\n<p>Um adolescente acompanhado de sua genitora compareceu ao Pelot\u00e3o da Pol\u00edcia Militar de Mallet nesse domingo, 30 de abril, relatando uma situa\u00e7\u00e3o de les\u00e3o corporal.\u00a0<\/p>\n\n\n\n<p>De acordo com o solicitante, ele estava jogando futebol&nbsp;e um indiv\u00edduo do seu conhecimento se exaltou, ficou nervoso e sem motivos desferiu um soco e dois tapas na face do adolescente. Posteriormente evadiu-se do local.&nbsp;<\/p>\n\n\n\n<p>A equipe policial constatou os hematomas e sangramento na face da v\u00edtima, sendo orientado os envolvidos quanto procedimentos cab\u00edveis.&nbsp;<\/p>\n\n\n\n<figure class=\"wp-block-image size-full\"><img decoding=\"async\" src=\"https:\/\/radiostudiow.com.br\/site\/wp-content\/uploads\/2023\/02\/image-20.png\" alt=\"\" class=\"wp-image-11402\"\/><\/figure>\n","protected":false},"excerpt":{"rendered":"<p>De acordo com a v\u00edtima, um indiv\u00edduo do seu conhecimento se exaltou, ficou nervoso e sem motivos lhe agrediu na \u00e1rea central da cidade. Um adolescente acompanhado de sua genitora compareceu ao Pelot\u00e3o da Pol\u00edcia Militar de Mallet nesse domingo, 30 de abril, relatando uma situa\u00e7\u00e3o de les\u00e3o corporal.\u00a0 De acordo com o solicitante, ele [&hellip;]<\/p>\n","protected":false},"author":2,"featured_media":7575,"comment_status":"open","ping_status":"open","sticky":false,"template":"","format":"standard","meta":{"footnotes":""},"categories":[2],"tags":[172],"class_list":["post-12637","post","type-post","status-publish","format-standard","has-post-thumbnail","hentry","category-policial","tag-featured"],"amp_enabled":true,"_links":{"self":[{"href":"https:\/\/radiostudiow.com.br\/site\/wp-json\/wp\/v2\/posts\/12637","targetHints":{"allow":["GET"]}}],"collection":[{"href":"https:\/\/radiostudiow.com.br\/site\/wp-json\/wp\/v2\/posts"}],"about":[{"href":"https:\/\/radiostudiow.com.br\/site\/wp-json\/wp\/v2\/types\/post"}],"author":[{"embeddable":true,"href":"https:\/\/radiostudiow.com.br\/site\/wp-json\/wp\/v2\/users\/2"}],"replies":[{"embeddable":true,"href":"https:\/\/radiostudiow.com.br\/site\/wp-json\/wp\/v2\/comments?post=12637"}],"version-history":[{"count":1,"href":"https:\/\/radiostudiow.com.br\/site\/wp-json\/wp\/v2\/posts\/12637\/revisions"}],"predecessor-version":[{"id":12638,"href":"https:\/\/radiostudiow.com.br\/site\/wp-json\/wp\/v2\/posts\/12637\/revisions\/12638"}],"wp:featuredmedia":[{"embeddable":true,"href":"https:\/\/radiostudiow.com.br\/site\/wp-json\/wp\/v2\/media\/7575"}],"wp:attachment":[{"href":"https:\/\/radiostudiow.com.br\/site\/wp-json\/wp\/v2\/media?parent=12637"}],"wp:term":[{"taxonomy":"category","embeddable":true,"href":"https:\/\/radiostudiow.com.br\/site\/wp-json\/wp\/v2\/categories?post=12637"},{"taxonomy":"post_tag","embeddable":true,"href":"https:\/\/radiostudiow.com.br\/site\/wp-json\/wp\/v2\/tags?post=12637"}],"curies":[{"name":"wp","href":"https:\/\/api.w.org\/{rel}","templated":true}]}}