{"id":12663,"date":"2023-05-03T11:01:31","date_gmt":"2023-05-03T14:01:31","guid":{"rendered":"https:\/\/radiostudiow.com.br\/site\/?p=12663"},"modified":"2025-01-31T15:06:49","modified_gmt":"2025-01-31T18:06:49","slug":"irmao-de-vice-prefeito-de-cruz-machado-e-baleado","status":"publish","type":"post","link":"https:\/\/radiostudiow.com.br\/site\/2023\/05\/03\/irmao-de-vice-prefeito-de-cruz-machado-e-baleado\/","title":{"rendered":"IRM\u00c3O DE VICE-PREFEITO DE CRUZ MACHADO \u00c9 BALEADO"},"content":{"rendered":"\n<p><strong><em>Ele foi baleado por pelo menos\u00a0tr\u00eas disparos\u00a0de arma de fogo e ligou pedindo socorro e foi atendido pelo Samu.\u00a0<\/em><\/strong><\/p>\n\n\n\n<figure class=\"wp-block-image size-full\"><img decoding=\"async\" src=\"https:\/\/radiostudiow.com.br\/site\/wp-content\/uploads\/2023\/05\/image.png\" alt=\"\" class=\"wp-image-12658\"\/><\/figure>\n\n\n\n<p>O\u00a0Secret\u00e1rio de Estradas do Interior de Cruz Machado, Ernani Barczak,\u00a0irm\u00e3o do vice-prefeito, foi baleado na localidade de Santana interior de Cruz Machado.\u00a0<\/p>\n\n\n\n<p>Segundo informa\u00e7\u00f5es do Portal VVale, Ernani foi baleado por pelo menos&nbsp;tr\u00eas disparos&nbsp;de arma de fogo por volta das 13:30 horas dessa ter\u00e7a-feira (02). A v\u00edtima ligou pedindo socorro e foi atendido pelo Samu.&nbsp;<\/p>\n\n\n\n<p>Devido a gravidade dos ferimentos, ele foi encaminhado diretamente para o\u00a0Hospital Regional em Uni\u00e3o da Vit\u00f3ria.\u00a0<em>At\u00e9 o momento n\u00e3o foi atualizado o estado da v\u00edtima.<\/em><\/p>\n","protected":false},"excerpt":{"rendered":"<p>Ele foi baleado por pelo menos\u00a0tr\u00eas disparos\u00a0de arma de fogo e ligou pedindo socorro e foi atendido pelo Samu.\u00a0 O\u00a0Secret\u00e1rio de Estradas do Interior de Cruz Machado, Ernani Barczak,\u00a0irm\u00e3o do vice-prefeito, foi baleado na localidade de Santana interior de Cruz Machado.\u00a0 Segundo informa\u00e7\u00f5es do Portal VVale, Ernani foi baleado por pelo menos&nbsp;tr\u00eas disparos&nbsp;de arma de [&hellip;]<\/p>\n","protected":false},"author":2,"featured_media":10918,"comment_status":"open","ping_status":"open","sticky":false,"template":"","format":"standard","meta":{"footnotes":""},"categories":[2],"tags":[172],"class_list":["post-12663","post","type-post","status-publish","format-standard","has-post-thumbnail","hentry","category-policial","tag-featured"],"amp_enabled":true,"_links":{"self":[{"href":"https:\/\/radiostudiow.com.br\/site\/wp-json\/wp\/v2\/posts\/12663","targetHints":{"allow":["GET"]}}],"collection":[{"href":"https:\/\/radiostudiow.com.br\/site\/wp-json\/wp\/v2\/posts"}],"about":[{"href":"https:\/\/radiostudiow.com.br\/site\/wp-json\/wp\/v2\/types\/post"}],"author":[{"embeddable":true,"href":"https:\/\/radiostudiow.com.br\/site\/wp-json\/wp\/v2\/users\/2"}],"replies":[{"embeddable":true,"href":"https:\/\/radiostudiow.com.br\/site\/wp-json\/wp\/v2\/comments?post=12663"}],"version-history":[{"count":1,"href":"https:\/\/radiostudiow.com.br\/site\/wp-json\/wp\/v2\/posts\/12663\/revisions"}],"predecessor-version":[{"id":12664,"href":"https:\/\/radiostudiow.com.br\/site\/wp-json\/wp\/v2\/posts\/12663\/revisions\/12664"}],"wp:featuredmedia":[{"embeddable":true,"href":"https:\/\/radiostudiow.com.br\/site\/wp-json\/wp\/v2\/media\/10918"}],"wp:attachment":[{"href":"https:\/\/radiostudiow.com.br\/site\/wp-json\/wp\/v2\/media?parent=12663"}],"wp:term":[{"taxonomy":"category","embeddable":true,"href":"https:\/\/radiostudiow.com.br\/site\/wp-json\/wp\/v2\/categories?post=12663"},{"taxonomy":"post_tag","embeddable":true,"href":"https:\/\/radiostudiow.com.br\/site\/wp-json\/wp\/v2\/tags?post=12663"}],"curies":[{"name":"wp","href":"https:\/\/api.w.org\/{rel}","templated":true}]}}