{"id":12665,"date":"2023-05-03T11:13:12","date_gmt":"2023-05-03T14:13:12","guid":{"rendered":"https:\/\/radiostudiow.com.br\/site\/?p=12665"},"modified":"2025-01-31T15:06:49","modified_gmt":"2025-01-31T18:06:49","slug":"motociclista-de-23-anos-morre-apos-acidente-em-reboucas","status":"publish","type":"post","link":"https:\/\/radiostudiow.com.br\/site\/2023\/05\/03\/motociclista-de-23-anos-morre-apos-acidente-em-reboucas\/","title":{"rendered":"MOTOCICLISTA DE 23 ANOS MORRE AP\u00d3S ACIDENTE EM REBOU\u00c7AS\u00a0"},"content":{"rendered":"\n<p><strong><em>Bruno Trusczynski Szymanski\u00a0retornava do trabalho de motocicleta, quando foi atingido por um ve\u00edculo que invadiu a pista contr\u00e1ria e colidiu contra o piloto.<\/em><\/strong><\/p>\n\n\n\n<figure class=\"wp-block-image size-full\"><img decoding=\"async\" src=\"https:\/\/radiostudiow.com.br\/site\/wp-content\/uploads\/2023\/04\/image-12.png\" alt=\"\" class=\"wp-image-12488\"\/><\/figure>\n\n\n\n<p>Um motociclista de 23 anos morreu na manh\u00e3 dessa quarta-feira, 03 de maio, na cidade de Ponta Grossa ap\u00f3s se envolver em um acidente na cidade de Rebou\u00e7as no dia 06 de abril de 2023.\u00a0<\/p>\n\n\n\n<p>Segundo informa\u00e7\u00f5es de familiares repassadas ao&nbsp;<strong>Portal RDX<\/strong>,&nbsp;<strong>Bruno Trusczynski Szymanski<\/strong>&nbsp;retornava do trabalho de motocicleta, quando foi atingido por um ve\u00edculo que invadiu a pista contr\u00e1ria e colidiu contra o piloto. Ainda segundo a fam\u00edlia da v\u00edtima, no carro estava uma mulher que teria sa\u00eddo de um gin\u00e1sio do munic\u00edpio.&nbsp;<\/p>\n\n\n\n<p>Com o impacto da batida o rapaz sofreu ferimentos e foi encaminhado pelo Corpo de Bombeiros Comunit\u00e1rio e Defesa Civil ao Hospital Dona Darci Vargas. Devido \u00e0 gravidade dos ferimentos, foi transferido a um hospital em Ponta Grossa e durante a manh\u00e3 desta quarta-feira, 3 de maio, o jovem veio a \u00f3bito.\u00a0<\/p>\n\n\n\n<p>O corpo ser\u00e1 trasladado para S\u00e3o Mateus do Sul, onde ser\u00e1 velado na resid\u00eancia de familiares em Faxinal dos Elias&nbsp;<strong>a partir das 14:00 horas<\/strong>. Bruno \u00e9 filho de C\u00e9sar Szymanski e Joceli Trusczynski.&nbsp;<\/p>\n\n\n\n<p><em>A Studio W deseja for\u00e7a aos familiares e amigos.\u00a0<\/em><\/p>\n","protected":false},"excerpt":{"rendered":"<p>Bruno Trusczynski Szymanski\u00a0retornava do trabalho de motocicleta, quando foi atingido por um ve\u00edculo que invadiu a pista contr\u00e1ria e colidiu contra o piloto. Um motociclista de 23 anos morreu na manh\u00e3 dessa quarta-feira, 03 de maio, na cidade de Ponta Grossa ap\u00f3s se envolver em um acidente na cidade de Rebou\u00e7as no dia 06 de [&hellip;]<\/p>\n","protected":false},"author":2,"featured_media":12666,"comment_status":"open","ping_status":"open","sticky":false,"template":"","format":"standard","meta":{"footnotes":""},"categories":[2],"tags":[172],"class_list":["post-12665","post","type-post","status-publish","format-standard","has-post-thumbnail","hentry","category-policial","tag-featured"],"amp_enabled":true,"_links":{"self":[{"href":"https:\/\/radiostudiow.com.br\/site\/wp-json\/wp\/v2\/posts\/12665","targetHints":{"allow":["GET"]}}],"collection":[{"href":"https:\/\/radiostudiow.com.br\/site\/wp-json\/wp\/v2\/posts"}],"about":[{"href":"https:\/\/radiostudiow.com.br\/site\/wp-json\/wp\/v2\/types\/post"}],"author":[{"embeddable":true,"href":"https:\/\/radiostudiow.com.br\/site\/wp-json\/wp\/v2\/users\/2"}],"replies":[{"embeddable":true,"href":"https:\/\/radiostudiow.com.br\/site\/wp-json\/wp\/v2\/comments?post=12665"}],"version-history":[{"count":1,"href":"https:\/\/radiostudiow.com.br\/site\/wp-json\/wp\/v2\/posts\/12665\/revisions"}],"predecessor-version":[{"id":12667,"href":"https:\/\/radiostudiow.com.br\/site\/wp-json\/wp\/v2\/posts\/12665\/revisions\/12667"}],"wp:featuredmedia":[{"embeddable":true,"href":"https:\/\/radiostudiow.com.br\/site\/wp-json\/wp\/v2\/media\/12666"}],"wp:attachment":[{"href":"https:\/\/radiostudiow.com.br\/site\/wp-json\/wp\/v2\/media?parent=12665"}],"wp:term":[{"taxonomy":"category","embeddable":true,"href":"https:\/\/radiostudiow.com.br\/site\/wp-json\/wp\/v2\/categories?post=12665"},{"taxonomy":"post_tag","embeddable":true,"href":"https:\/\/radiostudiow.com.br\/site\/wp-json\/wp\/v2\/tags?post=12665"}],"curies":[{"name":"wp","href":"https:\/\/api.w.org\/{rel}","templated":true}]}}