{"id":12691,"date":"2023-05-05T14:25:14","date_gmt":"2023-05-05T17:25:14","guid":{"rendered":"https:\/\/radiostudiow.com.br\/site\/?p=12691"},"modified":"2025-01-31T15:06:49","modified_gmt":"2025-01-31T18:06:49","slug":"cameras-de-seguranca-flagram-furto-de-moto-em-sao-mateus-do-sul","status":"publish","type":"post","link":"https:\/\/radiostudiow.com.br\/site\/2023\/05\/05\/cameras-de-seguranca-flagram-furto-de-moto-em-sao-mateus-do-sul\/","title":{"rendered":"C\u00c2MERAS DE SEGURAN\u00c7A FLAGRAM FURTO DE MOTO EM S\u00c3O MATEUS DO SUL\u00a0"},"content":{"rendered":"\n<p><strong><em>O propriet\u00e1rio do ve\u00edculo relatou que percebeu o furto pela manh\u00e3, motocicleta foi encontrada e o autor foi preso pela PM.<\/em><\/strong><\/p>\n\n\n\n<figure class=\"wp-block-image size-full\"><img decoding=\"async\" src=\"https:\/\/radiostudiow.com.br\/site\/wp-content\/uploads\/2023\/05\/image.png\" alt=\"\" class=\"wp-image-12658\"\/><\/figure>\n\n\n\n<p>Imagens de monitoramento flagraram um&nbsp;furto de uma moto Honda CG 150 prata na Rua Jo\u00e3o Gabriel Martins, pr\u00f3ximo ao Col\u00e9gio Estadual Duque de Caxias e CMEI Casulo por volta das 00:08 horas&nbsp;da madrugada desta quinta-feira (04).&nbsp;<\/p>\n\n\n\n<p>Nas imagens, \u00e9 poss\u00edvel identificar que um rapaz, de bon\u00e9 rosa, estava andando pela regi\u00e3o quando avistou a motocicleta estacionada na regi\u00e3o de cal\u00e7ada. Ele olha em volta, e ao perceber que ningu\u00e9m estava pr\u00f3ximo, sobe no ve\u00edculo e segue sentido Gin\u00e1sio Municipal de Esportes.&nbsp;<\/p>\n\n\n\n<p>O propriet\u00e1rio da moto relatou aos policiais que percebeu o furto pela manh\u00e3, quando estava indo para o trabalho, em seguida foi registrar o boletim de ocorr\u00eancia. Momentos depois c ve\u00edculo&nbsp;foi recuperado pela Pol\u00edcia Militar de S\u00e3o Mateus do Sul.&nbsp;<\/p>\n\n\n\n<p>A motocicleta foi encontrada pr\u00f3ximo a empresa Mecato, ap\u00f3s dilig\u00eancias, o autor tamb\u00e9m foi preso pela PM e assumiu a responsabilidade do crime.\u00a0<\/p>\n\n\n\n<figure class=\"wp-block-image size-full\"><img decoding=\"async\" src=\"https:\/\/radiostudiow.com.br\/site\/wp-content\/uploads\/2023\/02\/image-12.png\" alt=\"\" class=\"wp-image-11282\"\/><\/figure>\n\n\n\n<figure class=\"wp-block-video\"><video controls src=\"https:\/\/portalrdx.com.br\/wp-content\/uploads\/2023\/05\/WhatsApp-Video-2023-05-04-at-15.36.38.mp4\"><\/video><\/figure>\n","protected":false},"excerpt":{"rendered":"<p>O propriet\u00e1rio do ve\u00edculo relatou que percebeu o furto pela manh\u00e3, motocicleta foi encontrada e o autor foi preso pela PM. Imagens de monitoramento flagraram um&nbsp;furto de uma moto Honda CG 150 prata na Rua Jo\u00e3o Gabriel Martins, pr\u00f3ximo ao Col\u00e9gio Estadual Duque de Caxias e CMEI Casulo por volta das 00:08 horas&nbsp;da madrugada desta [&hellip;]<\/p>\n","protected":false},"author":2,"featured_media":12692,"comment_status":"open","ping_status":"open","sticky":false,"template":"","format":"standard","meta":{"footnotes":""},"categories":[2],"tags":[172],"class_list":["post-12691","post","type-post","status-publish","format-standard","has-post-thumbnail","hentry","category-policial","tag-featured"],"amp_enabled":true,"_links":{"self":[{"href":"https:\/\/radiostudiow.com.br\/site\/wp-json\/wp\/v2\/posts\/12691","targetHints":{"allow":["GET"]}}],"collection":[{"href":"https:\/\/radiostudiow.com.br\/site\/wp-json\/wp\/v2\/posts"}],"about":[{"href":"https:\/\/radiostudiow.com.br\/site\/wp-json\/wp\/v2\/types\/post"}],"author":[{"embeddable":true,"href":"https:\/\/radiostudiow.com.br\/site\/wp-json\/wp\/v2\/users\/2"}],"replies":[{"embeddable":true,"href":"https:\/\/radiostudiow.com.br\/site\/wp-json\/wp\/v2\/comments?post=12691"}],"version-history":[{"count":2,"href":"https:\/\/radiostudiow.com.br\/site\/wp-json\/wp\/v2\/posts\/12691\/revisions"}],"predecessor-version":[{"id":12694,"href":"https:\/\/radiostudiow.com.br\/site\/wp-json\/wp\/v2\/posts\/12691\/revisions\/12694"}],"wp:featuredmedia":[{"embeddable":true,"href":"https:\/\/radiostudiow.com.br\/site\/wp-json\/wp\/v2\/media\/12692"}],"wp:attachment":[{"href":"https:\/\/radiostudiow.com.br\/site\/wp-json\/wp\/v2\/media?parent=12691"}],"wp:term":[{"taxonomy":"category","embeddable":true,"href":"https:\/\/radiostudiow.com.br\/site\/wp-json\/wp\/v2\/categories?post=12691"},{"taxonomy":"post_tag","embeddable":true,"href":"https:\/\/radiostudiow.com.br\/site\/wp-json\/wp\/v2\/tags?post=12691"}],"curies":[{"name":"wp","href":"https:\/\/api.w.org\/{rel}","templated":true}]}}